{"provider_url": "https://www.adamantina.sp.leg.br", "title": "Resumo da 55\u00aa Sess\u00e3o Ordin\u00e1ria", "html": "<p style=\"text-align: justify; \"><span>No dia 03 de agosto a C\u00e2mara Municipal de Adamantina realizou a 55\u00aa Sess\u00e3o Ordin\u00e1ria.\u00a0</span><span>A reuni\u00e3o contou com a presen\u00e7a de todos os vereadores. </span></p>\r\n<p style=\"text-align: justify; \"><span>Foram apresentadas 35 indica\u00e7\u00f5es; apreciados e votados 28 requerimentos solicitando recursos financeiros para o munic\u00edpio e informa\u00e7\u00f5es ao Prefeito Municipal. Tamb\u00e9m foram apreciadas e votada tr\u00eas Mo\u00e7\u00f5es de Congratula\u00e7\u00f5es e Aplausos, e, em PRIMEIRA DISCUSS\u00c3O, foi aprovado o\u00a0</span><b>Projeto de Lei Complementar n\u00ba 322 /15</b>,<span> de autoria do Prefeito do Munic\u00edpio, que disp\u00f5e sobra as altera\u00e7\u00f5es da Lei Complementar n\u00ba 163, de\u00a0 07 de abril de 2011, que disp\u00f5e sobre\u00a0 a\u00a0 Pol\u00edtica Municipal de Atendimento dos Direitos da Crian\u00e7a e do Adolescente, reestrutura o Conselho Municipal dos direitos da Crian\u00e7a e do Adolescente, o Fundo Municipal dos Direitos da Crian\u00e7a e do Adolescente e o Conselho Tutelar, e d\u00e1 outras provid\u00eancias.</span></p>\r\n<p style=\"text-align: justify; \"><span>A pr\u00f3xima Sess\u00e3o Ordin\u00e1ria ser\u00e1 realizada dia 17 de agosto, com in\u00edcio as 20h, no Plen\u00e1rio Vereador Jos\u00e9 Ikeda, situado na Rua Osvaldo Cruz, 261 - t\u00e9rreo. Toda a comunidade \u00e9 convidada a acompanhar pessoalmente ou pela Radio J\u00f3ia AM.</span></p>", "author_name": "Interlegis", "version": "1.0", "author_url": "https://www.adamantina.sp.leg.br/author/Interlegis", "provider_name": "C\u00e2mara Municipal de Adamantina", "type": "rich"}