{"provider_url": "https://www.adamantina.sp.leg.br", "title": "Resumo da 84\u00aa Sess\u00e3o Ordin\u00e1ria", "html": "<p style=\"text-align: justify; \">No dia 18 de novembro, a C\u00e2mara Municipal de Adamantina realizou a 84\u00aa Sess\u00e3o Ordin\u00e1ria desta Legislatura.</p>\r\n<p style=\"text-align: justify; \">Conforme <a class=\"external-link\" href=\"https://sapl.adamantina.sp.leg.br/media/sapl/public/materialegislativa/2024/16141/circular_057_-_84a_sessao_ordinaria.pdf\" target=\"_blank\" title=\"\">Circular n\u00ba 057/2024</a> foram apreciados e votados os projetos como segue:</p>\r\n<p style=\"text-align: justify; \"><b><span>EM DISCUSS\u00c3O \u00daNICA</span></b><span>\u00a0</span></p>\r\n<p style=\"text-align: justify; \"><b><span><a class=\"external-link\" href=\"https://sapl.adamantina.sp.leg.br/media/sapl/public/materialegislativa/2024/16134/83a_projeto_de_lei_097_m_091_-_concessao_de_bolsa_de_preceptoria_para_residencia_medica.pdf\" target=\"_blank\" title=\"\">Projeto de Lei n\u00ba 097/2024</a></span></b> \u2013 PM \u2013 que \u201cDisp\u00f5e sobre a concess\u00e3o de Bolsa de Preceptoria dos Programas de Resid\u00eancia M\u00e9dica do Centro Universit\u00e1rio de Adamantina \u2013 FAI, aos profissionais m\u00e9dicos no \u00e2mbito do Munic\u00edpio de Adamantina e d\u00e1 outras provid\u00eancias\u201d.</p>\r\n<p style=\"text-align: justify; \"><b><span><a class=\"external-link\" href=\"https://sapl.adamantina.sp.leg.br/media/sapl/public/materialegislativa/2024/16135/83a_projeto_de_lei_098_m_092_-_concessao_auxilio_moradia_aos_medicos_residentes.pdf\" target=\"_blank\" title=\"\">Projeto de Lei n\u00ba 098/2024</a></span></b> \u2013 PM \u2013 que \u201cDisp\u00f5e sobre a concess\u00e3o de Aux\u00edlio-Moradia a m\u00e9dicos residentes de programas de resid\u00eancia m\u00e9dica oferecido pelo Centro Universit\u00e1rio de Adamantina \u2013 FAI, no \u00e2mbito do Munic\u00edpio de Adamantina e d\u00e1 outras provid\u00eancias.\u201d</p>\r\n<p style=\"text-align: justify; \"><b><span><a class=\"external-link\" href=\"https://sapl.adamantina.sp.leg.br/media/sapl/public/materialegislativa/2024/16136/83a_projeto_de_lei_099_m_093_-_abertura_de_credito_suplementar_fai_-_r_5.005.00000.pdf\" target=\"_blank\" title=\"\">Projeto de Lei n\u00ba 099/2024</a></span></b> \u2013 PM \u2013 que \u201cDisp\u00f5e sobre autoriza\u00e7\u00e3o para <i>abertura de cr\u00e9dito adicional suplementar </i>ao Or\u00e7amento da Prefeitura do Munic\u00edpio de Adamantina no valor total de R$ 5.005.000,00 (cinco milh\u00f5es e cinco mil reais), para refor\u00e7o das dota\u00e7\u00f5es no or\u00e7amento do Centro Universit\u00e1rio de Adamantina - FAI.\u201d</p>\r\n<p style=\"text-align: justify; \">\u00a0</p>\r\n<p style=\"text-align: justify; \"><b><span>EM PRIMEIRA DISCUSS\u00c3O</span></b><b>\u00a0</b></p>\r\n<p style=\"text-align: justify; \"><b><span><a class=\"external-link\" href=\"https://sapl.adamantina.sp.leg.br/media/sapl/public/materialegislativa/2024/16133/83a_projeto_de_lei_096_m_090__dispoe_sobre_a_aprovacao_do_plano_municipal_para_primeira_infancia.pdf\" target=\"_blank\" title=\"\">Projeto de Lei n\u00ba 096/2024</a></span></b> \u2013 PM \u2013 que \u201cAprova o Plano Municipal para a Primeira Inf\u00e2ncia e d\u00e1 outras provid\u00eancias.\u201d</p>\r\n<p style=\"text-align: justify; \">Todos os projetos foram aprovados.</p>\r\n<p>Ainda, foram apresentados 2<strong>\u00a0Requerimentos</strong>, 12<strong>\u00a0Indica\u00e7\u00f5es</strong>\u00a0e 2<strong>\u00a0Mo\u00e7\u00f5es de Congratula\u00e7\u00f5es e Aplausos</strong>.</p>\r\n<p>A reuni\u00e3o contou com a presen\u00e7a de todos os vereadores.</p>\r\n<p>Assista na \u00edntegra a sess\u00e3o em nosso canal no <a class=\"external-link\" href=\"https://youtu.be/tKb8Ur_VUns?si=LFfDOBBMNKvRRTQS\" target=\"_blank\" title=\"\">YouTube</a>.</p>\r\n<p>A 85\u00aa Sess\u00e3o Ordin\u00e1ria acontecer\u00e1 no dia 02 de dezembro de 2024</p>\r\n<p>Toda comunidade \u00e9 convidada a acompanhar as sess\u00f5es ao vivo pelo\u00a0<a class=\"external-link\" href=\"https://www.facebook.com/CamaraAdamantina\" target=\"_blank\" title=\"\">facebook</a>,\u00a0bem como pela\u00a0R\u00e1dio Cultura 99,3 FM, e nosso canal no\u00a0<a class=\"external-link\" href=\"https://youtube.com/@cmatransmissao\" target=\"_blank\" title=\"\">Youtube</a>.</p>", "author_name": "", "version": "1.0", "author_url": "https://www.adamantina.sp.leg.br/author/adm", "provider_name": "C\u00e2mara Municipal de Adamantina", "type": "rich"}