{"provider_url": "https://www.adamantina.sp.leg.br", "title": "Resumo 77\u00aa Sess\u00e3o Ordin\u00e1ria", "html": "<p style=\"text-align: justify; \">Ontem, 05, a C\u00e2mara Municipal de Adamantina realizou a 77\u00aa Sess\u00e3o Ordin\u00e1ria desta Legislatura.</p>\r\n<p style=\"text-align: justify; \">Conforme <a class=\"external-link\" href=\"https://sapl.adamantina.sp.leg.br/media/sapl/public/materialegislativa/2024/15920/77a_sessao.pdf\" target=\"_blank\" title=\"\">Circular n\u00ba 036/2024</a>, foram apreciados e votados,\u00a0<b>EM DISCUSS\u00c3O \u00daNICA</b>, o\u00a0<a class=\"external-link\" href=\"https://sapl.adamantina.sp.leg.br/media/sapl/public/materialegislativa/2024/15896/76a_projeto_de_lei_066_m_063_-_autoriza_repasse_para_sta_casa_r_8926790_unifai.pdf\" target=\"_blank\" title=\"\"><b>Projeto de Lei n\u00ba 0</b><b>66/2024</b></a>, de autoria do Poder Executivo,\u00a0<span>que </span><i>\u201c</i><span> Disp\u00f5e sobre autoriza\u00e7\u00e3o para o Centro Universit\u00e1rio de Adamantina - Unifai abrir cr\u00e9dito especial e repassar \u00e0 Associa\u00e7\u00e3o Lar S\u00e3o Francisco de Assis na Provid\u00eancia de Deus e d\u00e1 outras provid\u00eancias\u201d, e\u00a0</span><b>EM PRIMEIRA DISCUSS\u00c3O</b> o\u00a0<a class=\"external-link\" href=\"https://sapl.adamantina.sp.leg.br/media/sapl/public/materialegislativa/2024/15895/76a_projeto_de_lei_065_-_vereador_cid_santos.pdf\" target=\"_blank\" title=\"\"><b>Projeto de Lei n\u00ba 0</b><b>65/20</b><b>24</b></a>, de autoria do\u00a0<span>Vereador Cid Jos\u00e9 Aparecido dos Santos, que \u201cEstabelece o direito da mulher, v\u00edtima de viol\u00eancia dom\u00e9stica e familiar e de seus dependentes, \u00e0 prioridade em matr\u00edcula ou rematr\u00edcula em institui\u00e7\u00f5es municipais de ensino, no \u00e2mbito do Munic\u00edpio de Adamantina\u201d. Ambos projetos foram aprovados por unanimidade.</span></p>\r\n<p style=\"text-align: justify; \"><span>Ainda, foram apresentados\u00a0<strong>3 Requerimentos</strong>,\u00a0<strong>23 Indica\u00e7\u00f5es</strong>, e\u00a0<strong>1 Mo\u00e7\u00e3o de Congratula\u00e7\u00f5es e Aplausos</strong>.</span></p>\r\n<p>A reuni\u00e3o contou com a presen\u00e7a de todos os vereadores.</p>\r\n<p>Assista na \u00edntegra a sess\u00e3o em nossa p\u00e1gina no\u00a0<a class=\"external-link\" href=\"https://www.facebook.com/CamaraAdamantina/videos/369430226256642/\" target=\"_blank\" title=\"\">Facebook</a>.</p>\r\n<p>A 78\u00aa Sess\u00e3o Ordin\u00e1ria acontecer\u00e1 dia 19 de Agosto de 2024.</p>\r\n<p>Toda comunidade \u00e9 convidada a acompanhar as sess\u00f5es ao vivo pelo\u00a0<a class=\"external-link\" href=\"https://www.facebook.com/CamaraAdamantina\" target=\"_blank\" title=\"\">facebook</a>,\u00a0bem como pela\u00a0R\u00e1dio Cultura 99,3 FM, e nosso canal no\u00a0<a class=\"external-link\" href=\"https://youtube.com/@cmatransmissao\" target=\"_blank\" title=\"\">Youtube</a>.</p>", "author_name": "", "version": "1.0", "author_url": "https://www.adamantina.sp.leg.br/author/adm", "provider_name": "C\u00e2mara Municipal de Adamantina", "type": "rich"}