{"provider_url": "https://www.adamantina.sp.leg.br", "title": "Resumo da 69\u00aa Sess\u00e3o Ordin\u00e1ria", "html": "<p style=\"text-align: justify; \"><span>A C\u00e2mara Municipal de Adamantina realizou nesta segunda (18), a 69\u00aa Sess\u00e3o Ordin\u00e1ria. Em pauta, dois projetos votados, sendo eles: Projeto de Lei n\u00ba 013/16, de autoria do Executivo, que disp\u00f5e sobre altera\u00e7\u00e3o da Lei 2.289, de 30 de julho de 1993 e revoga as Leis n\u00bas 3.421, de 24 de agosto de 2010 e 3.581, de 20 de novembro de 2013\u00a0e Projeto de Lei Complementar n\u00ba 348/16, tamb\u00e9m de autoria do Executivo, que disp\u00f5e sobre autoriza\u00e7\u00e3o para que o Chefe do Poder Executivo possa efetuar a complementa\u00e7\u00e3o salarial para os Agentes Comunit\u00e1rios de Sa\u00fade e para os Agentes de Controle de Vetores, vinculado ao repasse do Governo Federal, Estes aprovados, por unanimidade, em Primeira Discuss\u00e3o.\u00a0</span><br /><span>Tamb\u00e9m foram lidos e encaminhados ao senhor prefeito para as devidas provid\u00eancias 25 Indica\u00e7\u00f5es,\u00a0<span>solicitando ao Executivo melhorias em diversos setores da cidade</span>\u00a0e \u00a015 requerimentos\u00a0<span>em sua maioria solicitando recursos financeiros ao munic\u00edpio.</span></span></p>\r\n<p style=\"text-align: justify; \"><span><span><span>A pr\u00f3xima Sess\u00e3o Ordin\u00e1ria, ser\u00e1 realizada dia 02 de maio, \u00e0s 20h.\u00a0</span><span>Toda a comunidade \u00e9 convidada a acompanhar pessoalmente ou pela Radio J\u00f3ia AM,\u00a0</span><span>no Plen\u00e1rio Vereador Jos\u00e9 Ikeda\u00a0situado na Rua Osvaldo Cruz, 261 - t\u00e9rreo.</span><span>\u00a0</span></span></span></p>", "author_name": "adt", "version": "1.0", "author_url": "https://www.adamantina.sp.leg.br/author/adt", "provider_name": "C\u00e2mara Municipal de Adamantina", "type": "rich"}