{"provider_url": "https://www.adamantina.sp.leg.br", "title": "Resumo da 68\u00aa Sess\u00e3o Ordin\u00e1ria", "html": "<p style=\"text-align: justify; \">Ontem, 04, foi realizada a 68\u00aa Sess\u00e3o Ordin\u00e1ria.\u00a0<span>Foram apreciados e votados 20 Requerimentos, 28 Indica\u00e7\u00f5es e 3 Mo\u00e7\u00f5es de Congratula\u00e7\u00f5es e Aplausos.</span></p>\r\n<p style=\"text-align: justify; \">Tamb\u00e9m foram apreciados os Projetos abaixo conforme circular n\u00ba 013/16:\u00a0<b>EM DISCUSS\u00c3O \u00daNICA</b> foram aprovados,\u00a0<b>Projeto de Decreto Legislativo n\u00ba 001/16</b>,<span> de autoria do \u00a0Vereador Aguinaldo Pires Galv\u00e3o, que concede ao Ilustr\u00edssimo Senhor Euclides Latini o t\u00edtulo de Cidad\u00e3o Adamantinense e\u00a0</span><b>Projeto de Lei n\u00ba 009/16</b>,<span> de autoria do \u00a0Vereador H\u00e9lio Jos\u00e9 dos Santos, que disp\u00f5e sobre denomina\u00e7\u00e3o de logradouros p\u00fablicos do Conjunto Habitacional Governador M\u00e1rio Covas J\u00fanior.\u00a0</span><b>EM SEGUNDA DISCUSS\u00c3O E REDA\u00c7\u00c3O FINAL</b> foi aprovado o\u00a0<b>Projeto de Lei Complementar n\u00ba 346/16</b>,<span> de autoria do Executivo, que disp\u00f5e sobre autoriza\u00e7\u00e3o para que o Chefe do Executivo possa determinar a abertura de licita\u00e7\u00e3o objetivando a concess\u00e3o de Direito Real de Uso de Im\u00f3veis \u00e0s Empresas nos ramos da Ind\u00fastria e/ou Com\u00e9rcio.</span></p>\r\n<p style=\"text-align: justify; \"><span>Todos os projetos foram aprovados por unanimidade.</span></p>\r\n<p style=\"text-align: justify; \"><span><span>A pr\u00f3xima Sess\u00e3o Ordin\u00e1ria, ser\u00e1 realizada dia 18 de abril, \u00e0s 20h.\u00a0</span><span>Toda a comunidade \u00e9 convidada a acompanhar pessoalmente ou pela Radio J\u00f3ia AM,\u00a0</span><span>no Plen\u00e1rio Vereador Jos\u00e9 Ikeda\u00a0situado na Rua Osvaldo Cruz, 261 - t\u00e9rreo.</span><span>\u00a0</span></span></p>", "author_name": "adt", "version": "1.0", "author_url": "https://www.adamantina.sp.leg.br/author/adt", "provider_name": "C\u00e2mara Municipal de Adamantina", "type": "rich"}