{"provider_url": "https://www.adamantina.sp.leg.br", "title": "Resumo 62\u00aa Sess\u00e3o Ordin\u00e1ria", "html": "<p style=\"text-align: justify; \">No dia 28 de novembro a C\u00e2mara Municipal de Adamantina realizou a 62\u00aa Sess\u00e3o Ordin\u00e1ria.</p>\r\n<p style=\"text-align: justify; \">Conforme <a class=\"external-link\" href=\"https://sapl.adamantina.sp.leg.br/media/sapl/public/materialegislativa/2023/15337/62a_sessao_ordinaria.pdf\" target=\"_blank\" title=\"\">Circular n\u00ba 057/2023</a> foram apreciados e votados os projetos como segue:</p>\r\n<p style=\"text-align: justify; \"><b><span><br /></span></b></p>\r\n<p style=\"text-align: justify; \"><b><span>EM DISCUSS\u00c3O \u00daNICA</span></b></p>\r\n<p style=\"text-align: justify; \"><b><a class=\"external-link\" href=\"https://sapl.adamantina.sp.leg.br/media/sapl/public/materialegislativa/2023/15299/61a_projeto_de_lei_090_-_residencial_jardim_botanico.doc.pdf\" target=\"_blank\" title=\"\">Projeto de Lei n\u00ba 090/2023</a></b><span> \u2013 Vereadores Aguinaldo Pires Galv\u00e3o, Paulo C\u00e9sar Cervelheira de Oliveira e Alcio Roberto Ikeda J\u00fanior - \u201cDisp\u00f5e sobre denomina\u00e7\u00e3o de pr\u00f3prios p\u00fablicos do Residencial Jardim Bot\u00e2nico.\u201d</span></p>\r\n<p style=\"text-align: justify; \">\u00a0</p>\r\n<p style=\"text-align: justify; \"><b><span>EM PRIMEIRA DISCUSS\u00c3O</span></b></p>\r\n<p style=\"text-align: justify; \"><b><a class=\"external-link\" href=\"https://sapl.adamantina.sp.leg.br/media/sapl/public/materialegislativa/2023/15300/61a_projeto_de_lei_091_m_112_-_pl_abono_natalino_aos_servidores.pdf\" target=\"_blank\" title=\"\">Projeto de Lei n\u00ba 091/2023</a></b><span> \u2013 PM - \u201cDisp\u00f5e sobre autoriza\u00e7\u00e3o para que o Chefe do Poder Executivo possa conceder abono especial aos servidores ativos e inativos da Administra\u00e7\u00e3o Direta do Munic\u00edpio de Adamantina e d\u00e1 outras provid\u00eancias.\u201d</span></p>\r\n<p style=\"text-align: justify; \"><a class=\"external-link\" href=\"https://sapl.adamantina.sp.leg.br/media/sapl/public/materialegislativa/2023/15306/61a_projeto_de_lei_097_-_m_119_-_autoriza_majorar__subsidio_tarifario_mensal_para_operacionalizacao_do_transporte_coletivo_-_3.pdf\" target=\"_blank\" title=\"\"><b><span>Projeto de Lei n\u00ba 097/2023</span></b> </a>\u2013 PM - \u201cDisp\u00f5e sobre a altera\u00e7\u00e3o da Lei Municipal n.\u00ba 3.958, de 19 de dezembro de 2019, que autoriza o Poder Executivo Municipal a instituir subs\u00eddio tarif\u00e1rio mensal para a operacionaliza\u00e7\u00e3o dos servi\u00e7os de transporte coletivo urbano no munic\u00edpio de Adamantina e d\u00e1 outras provid\u00eancias.\u201d</p>\r\n<p style=\"text-align: justify; \"><b><span><a class=\"external-link\" href=\"https://sapl.adamantina.sp.leg.br/media/sapl/public/materialegislativa/2023/15307/61a_projeto_de_lei_complementar_032_-_m_116_-_altera_a_lc_440_-_tira_a_retroatividade_da_lei.pdf\" target=\"_blank\" title=\"\">Projeto de Lei Complementar n\u00ba 032/2023</a></span></b> \u2013 PM \u2013 que \u201cDisp\u00f5e sobre a altera\u00e7\u00e3o da Lei Complementar Municipal n\u00ba 440, de 24 de agosto de 2023 e d\u00e1 outras provid\u00eancias.\u201d</p>\r\n<p style=\"text-align: justify; \">\u00a0</p>\r\n<p style=\"text-align: justify; \">Todos os projetos foram aprovados por unanimidade.</p>\r\n<p style=\"text-align: justify; \">Ainda, foram apresentados\u00a0<strong>11 Requerimentos</strong>,\u00a0<strong>16 Indica\u00e7\u00f5es</strong> e\u00a0<strong>2 Mo\u00e7\u00f5es de Congratula\u00e7\u00f5es e Aplausos</strong>.</p>\r\n<p style=\"text-align: justify; \">A reuni\u00e3o contou com a presen\u00e7a de todos os vereadores</p>\r\n<p style=\"text-align: justify; \">Assista na \u00edntegra a sess\u00e3o em nossa p\u00e1gina no<a class=\"external-link\" href=\"https://www.youtube.com/watch?v=5xitWJg1L8A\" target=\"_blank\" title=\"\">\u00a0</a><a class=\"external-link\" href=\"https://www.facebook.com/CamaraAdamantina/videos/668107888803076/\" target=\"_blank\" title=\"\">Facebook</a>.</p>\r\n<p style=\"text-align: justify; \">A 63<em>\u00aa Sess\u00e3o Ordin\u00e1ria</em>\u00a0realizar-se-\u00e1 no dia 04 de dezembro de 2023.</p>\r\n<p style=\"text-align: justify; \">Toda comunidade \u00e9 convidada a acompanhar as sess\u00f5es ao vivo pelo\u00a0<a class=\"external-link\" href=\"https://www.facebook.com/CamaraAdamantina\" target=\"_blank\" title=\"\">facebook</a>,\u00a0bem como pela\u00a0R\u00e1dio Cultura 99,3 FM, TV Cidade e nosso canal no\u00a0<a class=\"external-link\" href=\"https://youtube.com/@cmatransmissao\" target=\"_blank\" title=\"\">Youtube</a>.</p>", "author_name": "", "version": "1.0", "author_url": "https://www.adamantina.sp.leg.br/author/adm", "provider_name": "C\u00e2mara Municipal de Adamantina", "type": "rich"}