{"provider_url": "https://www.adamantina.sp.leg.br", "title": "Resumo da 57\u00aa Sess\u00e3o Ordin\u00e1ria", "html": "<p style=\"text-align: justify; \">Ontem, 31.08, esta Casa realizou a 57\u00aa. Sess\u00e3o Ordin\u00e1ria e contou com a presen\u00e7a de todos os vereadores, imprensa falada e escrita e membros da comunidade adamantinense.</p>\r\n<p style=\"text-align: justify; \">Estiveram na pauta da Sess\u00e3o:</p>\r\n<p style=\"text-align: justify; \">Em <strong>Discuss\u00e3o \u00danica</strong>, o <em>Referendo</em> da nova diretoria executiva da EMDA e o <em>Projeto de Decreto Legislativo n\u00ba 002/15</em>, de autoria do Vereador F\u00e1bio Roberto Amadio, que concede T\u00edtulo de Cidad\u00e3o Adamantinense ao Senhor Ant\u00f4nio Romanini Primo. Ambos foram aprovados por unanimidade.</p>\r\n<p style=\"text-align: justify; \">Em <strong>Primeira</strong> <strong>Discuss\u00e3o</strong>,<strong>\u00a0</strong>o <em>Projeto de Lei Complementar n\u00ba 323/15</em>, de autoria do Executivo, que trata de permuta de terra para constru\u00e7\u00e3o da FATEC, foi rejeitado por 7 votos a 1, sendo o \u00fanico voto favor\u00e1vel \u00e0 permuta, do Vereador Luiz Carlos Galv\u00e3o.</p>\r\n<p style=\"text-align: justify; \">Em <strong>Segunda Discuss\u00e3o e Reda\u00e7\u00e3o Final\u00a0</strong>foram aprovados por unanimidade o\u00a0<em>Projeto de Lei n\u00ba 040/15</em>,\u00a0<span>que disp\u00f5e sobre abertura de rua e\u00a0</span><em>Projeto de Lei Complementar n\u00ba 324/15</em><span>\u00a0que organiza o Quadro de Pessoal das Faculdades Adamantinenses Integradas \u2013 FAI. ambos s\u00e3o de autoria do Executivo.</span></p>\r\n<p style=\"text-align: justify; \"><span>A pr\u00f3xima Sess\u00e3o acontecer\u00e1 dia 21.09 \u00e0s 20h, no\u00a0Plen\u00e1rio</span>\u00a0Vereador Jos\u00e9 Ikeda, situado na Rua Osvaldo Cruz, 261 - t\u00e9rreo.<em>\u00a0</em><span>Toda a comunidade \u00e9 convidada a acompanhar pessoalmente ou pela Radio J\u00f3ia AM.</span></p>", "author_name": "adt", "version": "1.0", "author_url": "https://www.adamantina.sp.leg.br/author/adt", "provider_name": "C\u00e2mara Municipal de Adamantina", "type": "rich"}