{"provider_url": "https://www.adamantina.sp.leg.br", "title": "Resumo da 28\u00aa Sess\u00e3o Ordin\u00e1ria", "html": "<p style=\"text-align: justify; \">Ontem, 02, a C\u00e2mara Municipal de Adamantina realizou a\u00a0 28\u00aa Sess\u00e3o Ordin\u00e1ria desta Legislatura.</p>\r\n<p style=\"text-align: justify; \">Conforme <a class=\"external-link\" href=\"https://sapl.adamantina.sp.leg.br/media/sapl/public/materialegislativa/2022/13770/circular_023_-_28a_sessao_ordinaria.pdf\" target=\"_blank\" title=\"\">Circular n\u00ba 023/2022</a> foram apreciados e votados\u00a0<b>EM DISCUSS\u00c3O \u00daNICA</b> os projetos abaixo:</p>\r\n<p style=\"text-align: justify; \"><b><a class=\"external-link\" href=\"https://sapl.adamantina.sp.leg.br/media/sapl/public/materialegislativa/2022/13716/27a_ord._-_pl_025_-_m_031_-_autoriza_majorar__subsidio_tarifario_mensal_para_operacionalizacao_do_transporte_coletivo_-.pdf\" target=\"_blank\" title=\"\">Projeto de Lei n\u00ba 025/2022</a></b><span> \u2013 PM \u2013 que \u201cDisp\u00f5e sobre a altera\u00e7\u00e3o da Lei Municipal n\u00ba 3.958, de 19 de dezembro de 2019, que autoriza o Poder Executivo Municipal a instituir subs\u00eddio tarif\u00e1rio mensal no valor mensal de R$ 70.000,00, para a operacionaliza\u00e7\u00e3o dos servi\u00e7os de transporte coletivo urbano no munic\u00edpio de Adamantina e d\u00e1 outras provid\u00eancias\u201d.</span></p>\r\n<p style=\"text-align: justify; \"><b><span><a class=\"external-link\" href=\"https://sapl.adamantina.sp.leg.br/media/sapl/public/materialegislativa/2022/13717/27a_ord._-_pl_026_-_m_032_-_autoriza_subvencao_para_apelos_e_patas_-_r_60.00000.pdf\" target=\"_blank\" title=\"\">Projeto de Lei n\u00ba 026/2022</a></span></b> \u2013 PM \u2013 que \u201cDisp\u00f5e sobre autoriza\u00e7\u00e3o para a Prefeitura do Munic\u00edpio de Adamantina realizar a abertura de cr\u00e9dito adicional suplementar no valor de R$ 60.000,00 e repassar \u00e0 Organiza\u00e7\u00e3o N\u00e3o Governamental Apelos e Patas de Adamantina, sob a forma de subven\u00e7\u00e3o, recursos financeiros e d\u00e1 outras provid\u00eancias\u201d.</p>\r\n<p style=\"text-align: justify; \"><b><span><a class=\"external-link\" href=\"https://sapl.adamantina.sp.leg.br/media/sapl/public/materialegislativa/2022/13720/27a_ord._-_pl_029_-_m_035_-_institui_o_servico_de_acolhimento_familiar.pdf\" target=\"_blank\" title=\"\">Projeto de Lei n\u00ba 029/2022</a></span></b> \u2013 PM \u2013 que \u201cInstitui o Servi\u00e7o Municipal de Acolhimento Familiar denominado <i>Fam\u00edlia Acolhedora </i>e d\u00e1 outras provid\u00eancias\u201d.</p>\r\n<p style=\"text-align: justify; \"><b><span><a class=\"external-link\" href=\"https://sapl.adamantina.sp.leg.br/media/sapl/public/materialegislativa/2022/13721/27a_ord._-_pl_030_-_m_037_-_altera_as_leis_3.596.13_e__3.914.19_-_conselho_da_pessoa_deficiente_-_revoga_lei_3914.19.pdf\" target=\"_blank\" title=\"\">Projeto de Lei n\u00ba 030/2022</a></span></b> \u2013 PM \u2013 que \u201cDisp\u00f5e sobre a altera\u00e7\u00e3o da Lei Municipal n\u00ba 3.596, de 23 de dezembro de 2013\u201d.</p>\r\n<p style=\"text-align: justify; \"><b><span><a class=\"external-link\" href=\"https://sapl.adamantina.sp.leg.br/media/sapl/public/materialegislativa/2022/13722/27a_ord._-_pl_031_-_m_038_-_altera_artigo_2o_da_lei_3119.04_-_conselho_do_idoso_-__revoga_lei_3898.19.pdf\" target=\"_blank\" title=\"\">Projeto de Lei n\u00ba 031/2022</a></span></b> \u2013 PM \u2013 que \u201cDisp\u00f5e sobre a altera\u00e7\u00e3o do artigo 2\u00ba da Lei Municipal n\u00ba 3.119, de 21 de dezembro de 2004\u201d.</p>\r\n<p style=\"text-align: justify; \"><b><span><a class=\"external-link\" href=\"https://sapl.adamantina.sp.leg.br/media/sapl/public/materialegislativa/2022/13726/27a_ord._-_plc_011_-_m_036_-_altera_o_anexo_i_da_lei_316_-_cria_emprego_educador_ciclo_i_30hs.pdf\" target=\"_blank\" title=\"\">Projeto de Lei Complementar n\u00ba 011/2022</a></span></b> \u2013 PM \u2013 que \u201cDisp\u00f5e sobre altera\u00e7\u00e3o do Anexo I da Lei Complementar n\u00ba 316, de 20 de julho de 2018\u201d.</p>\r\n<p style=\"text-align: justify; \">Todos os projetos foram aprovados por unanimidade.</p>\r\n<p style=\"text-align: justify; \">Ainda, foram apresentados\u00a0<strong>5 Requerimentos</strong>,\u00a0<strong>29 Indica\u00e7\u00f5es</strong> e\u00a0<strong>3 Mo\u00e7\u00f5es de Congratula\u00e7\u00f5es e Aplausos</strong>.</p>\r\n<p style=\"text-align: justify; \">A reuni\u00e3o contou com a presen\u00e7a de todos os vereadores</p>\r\n<p>Assista na \u00edntegra a sess\u00e3o em nossa p\u00e1gina no\u00a0<a class=\"external-link\" href=\"https://www.facebook.com/CamaraAdamantina/videos/567277627992528/\" target=\"_blank\" title=\"\">Facebook</a>.</p>\r\n<p>A 29\u00aa Sess\u00e3o Ordin\u00e1ria realizar-se-\u00e1 no dia 16 de maio de 2022.</p>\r\n<p>Toda comunidade \u00e9 convidada a acompanhar as sess\u00f5es ao vivo pelo\u00a0<a class=\"external-link\" href=\"https://www.facebook.com/CamaraAdamantina\" target=\"_blank\" title=\"\">facebook</a>,\u00a0bem como pela\u00a0R\u00e1dio Cultura, 99,3 FM, Radio Joia 93,7 FM e TV Cidade.</p>", "author_name": "", "version": "1.0", "author_url": "https://www.adamantina.sp.leg.br/author/adm", "provider_name": "C\u00e2mara Municipal de Adamantina", "type": "rich"}