{"provider_url": "https://www.adamantina.sp.leg.br", "title": "Resumo da 24\u00aa Sess\u00e3o Ordin\u00e1ria", "html": "<p style=\"text-align: justify; \">Ontem, 07, esta Casa de Leis realizou a 24\u00aa Sess\u00e3o Ordin\u00e1ria desta Legislatura.</p>\r\n<p style=\"text-align: justify; \">Conforme <a class=\"external-link\" href=\"https://sapl.adamantina.sp.leg.br/media/sapl/public/materialegislativa/2022/13563/circular_009_24a_ordinaria.pdf\" target=\"_blank\" title=\"\">Circular n\u00ba 009/2022</a>, foram apreciados e votados, em DISCUSS\u00c3O \u00daNICA, os projetos abaixo:\u00a0</p>\r\n<p style=\"text-align: justify; \"><b><a class=\"external-link\" href=\"https://sapl.adamantina.sp.leg.br/media/sapl/public/materialegislativa/2022/13523/pl_017_m_021_-_repasse_r_40.11238_-__instituicao_carlos_pegoraro.pdf\" target=\"_blank\" title=\"\">Projeto de Lei n\u00ba 017/2022</a></b><span> \u2013 PM \u2013 que \u201cDisp\u00f5e sobre autoriza\u00e7\u00e3o para a Prefeitura do Munic\u00edpio de Adamantina repassar recursos para Institui\u00e7\u00e3o Solid\u00e1ria Carlos Pegoraro, no valor total de R$ 40.112,38 (quarenta mil, cento e doze reais e trinta e oito centavos) e d\u00e1 outras provid\u00eancias.\u201d \u2013 Casa dos Garotos</span><span>\u00a0</span></p>\r\n<p style=\"text-align: justify; \"><b><span><a class=\"external-link\" href=\"https://sapl.adamantina.sp.leg.br/media/sapl/public/materialegislativa/2022/13524/pl_018_m_022_-_abertura_de_credito_especial_r_265.00000_-_iluminacao_publica.pdf\" target=\"_blank\" title=\"\">Projeto de Lei n\u00ba 018/2022</a></span></b> \u2013 PM \u2013 que \u201cDisp\u00f5e sobre autoriza\u00e7\u00e3o para <i>abertura de cr\u00e9dito adicional especial </i>ao Or\u00e7amento da Prefeitura do Munic\u00edpio de Adamantina no valor total de R$ 265.000,00 (duzentos e sessenta e cinco mil reais) e d\u00e1 outras provid\u00eancias.\u201d \u2013 Melhoria na ilumina\u00e7\u00e3o p\u00fablica<span>\u00a0</span></p>\r\n<p style=\"text-align: justify; \"><b><span><a class=\"external-link\" href=\"https://sapl.adamantina.sp.leg.br/media/sapl/public/materialegislativa/2022/13525/pl_019_m_023_-_abertura_de_credito_recapeamento_asfaltico_-_r_5_295_00000.pdf\" target=\"_blank\" title=\"\">Projeto de Lei n\u00ba 019/2022</a></span></b> \u2013 PM \u2013 que \u201cDisp\u00f5e sobre autoriza\u00e7\u00e3o para abertura de cr\u00e9dito adicional suplementar ao Or\u00e7amento da Prefeitura do Munic\u00edpio de Adamantina no valor total de R$ 5.295.000,00 (cinco milh\u00f5es, duzentos e noventa e cinco mil reais) e d\u00e1 outras provid\u00eancias.\u201d \u2013 Recapeamento asf\u00e1ltico de diversas ruas da cidade</p>\r\n<p style=\"text-align: justify; \">TODOS OS PROJETOS FORAM APROVADOS POR UNANIMIDADE.</p>\r\n<p style=\"text-align: justify; \">Ainda, foram apresentados\u00a0<strong>15 Requerimentos</strong>,\u00a0<strong>26 Indica\u00e7\u00f5es</strong> e\u00a0<strong>1 Mo\u00e7\u00e3o de Congratula\u00e7\u00f5es e Aplausos</strong>.</p>\r\n<p>A reuni\u00e3o contou com a presen\u00e7a de todos os vereadores</p>\r\n<p>Assista na \u00edntegra a sess\u00e3o em nossa p\u00e1gina no\u00a0<a class=\"external-link\" href=\"https://www.facebook.com/CamaraAdamantina/videos/918782262144414\" target=\"_blank\" title=\"\">Facebook</a>.</p>\r\n<p>A 25\u00aa Sess\u00e3o Ordin\u00e1ria realizar-se-\u00e1 no dia 21 de mar\u00e7o de 2022.</p>\r\n<p>Toda comunidade \u00e9 convidada a acompanhar as sess\u00f5es ao vivo pelo\u00a0<a class=\"external-link\" href=\"https://www.facebook.com/CamaraAdamantina\" target=\"_blank\" title=\"\">facebook</a>,\u00a0bem como pela\u00a0R\u00e1dio Cultura, 99,3 FM, Radio Joia 93,7 FM e TV Cidade.</p>", "author_name": "", "version": "1.0", "author_url": "https://www.adamantina.sp.leg.br/author/adm", "provider_name": "C\u00e2mara Municipal de Adamantina", "type": "rich"}