{"provider_url": "https://www.adamantina.sp.leg.br", "title": "Resumo da 1\u00aa Sess\u00e3o Ordin\u00e1ria - 2017", "html": "<p style=\"text-align: justify; \">Na \u00faltima segunda-feira, 06, a C\u00e2mara Municipal de Adamantina realizou a 1\u00aa Sess\u00e3o Ordin\u00e1ria da \u00a017\u00aa Legislatura.</p>\r\n<p style=\"text-align: justify; \"><span>Foram apresentados e votados 20 Requerimentos solicitando recursos financeiros para o munic\u00edpio e informa\u00e7\u00f5es ao Prefeito Municipal,\u00a02 Mo\u00e7\u00f5es de Congratula\u00e7\u00f5es e\u00a0Aplausos, \u00a0tamb\u00e9m foram apresentadas 80 Indica\u00e7\u00f5es <span>solicitando ao Executivo melhorias em diversos setores da cidade. N\u00e3o houve projetos a serem apreciados na Ordem do Dia.</span></span></p>\r\n<p align=\"justify\">A reuni\u00e3o contou com a presen\u00e7a de todos os vereadores, representantes da imprensa escrita e falada e outros membros de nossa comunidade.</p>\r\n<p align=\"justify\"><span>A pr\u00f3xima Sess\u00e3o Ordin\u00e1ria, ser\u00e1 realizada dia 20 de fevereiro, \u00e0s 20h.\u00a0</span><span>Toda a comunidade \u00e9 convidada a acompanhar pessoalmente ou pelas Radios J\u00f3ia \u00a0e LIFE,\u00a0</span><span>no Plen\u00e1rio Vereador Jos\u00e9 Ikeda\u00a0situado na Rua Osvaldo Cruz, 261 - t\u00e9rreo.</span><span>\u00a0</span></p>\r\n<p style=\"text-align: justify; \"><span><br /></span></p>", "author_name": "adt", "version": "1.0", "author_url": "https://www.adamantina.sp.leg.br/author/adt", "provider_name": "C\u00e2mara Municipal de Adamantina", "type": "rich"}