{"provider_url": "https://www.adamantina.sp.leg.br", "title": "Resumo 9\u00aa Sess\u00e3o Ordin\u00e1ria", "html": "<p style=\"text-align: justify; \">Ontem, 02, a C\u00e2mara Municipal de Adamantina realizou a 9\u00aa Sess\u00e3o Ordin\u00e1ria desta Legislatura.</p>\r\n<p style=\"text-align: justify; \">Conforme <a class=\"external-link\" href=\"https://sapl.adamantina.sp.leg.br/media/sapl/public/materialegislativa/2025/16630/circular_019_-_9a_ordinaria.pdf\" target=\"_blank\" title=\"\">Circular n\u00ba 019/2025</a> foram apreciados e votados os projetos como segue:</p>\r\n<p style=\"text-align: center; \"><b><span>EM DISCUSS\u00c3O \u00daNICA</span></b></p>\r\n<p style=\"text-align: justify; \"><b><a class=\"external-link\" href=\"https://sapl.adamantina.sp.leg.br/media/sapl/public/materialegislativa/2025/16601/8a_projeto_de_lei_025_m_028_-_pdv_-_fai.pdf\" target=\"_blank\" title=\"\">Projeto de Lei n\u00ba 025/2025</a></b><span> \u2013 PM \u2013 que \u201cDisp\u00f5e sobre o Programa de Desligamento Volunt\u00e1rio \u2013 PDV no \u00e2mbito do Centro Universit\u00e1rio de Adamantina e d\u00e1 outras provid\u00eancias.\u201d <b>(APROVADO)</b></span></p>\r\n<p style=\"text-align: justify; \"><b><span><a class=\"external-link\" href=\"https://www.youtube.com/watch?v=5K5ELSSh4MU\" target=\"_blank\" title=\"\">Projeto de Lei n\u00ba 027/2025</a></span></b> \u2013 PM \u2013 que \u201cDisp\u00f5e sobre autoriza\u00e7\u00e3o para <i>abertura de cr\u00e9dito adicional suplementar </i>ao Or\u00e7amento da Prefeitura do Munic\u00edpio de Adamantina no valor total de R$ 190.000,00 e d\u00e1 outras provid\u00eancias (Imposto de Renda do Bem).\u201d\u00a0<b>(APROVADO)</b></p>\r\n<p style=\"text-align: justify; \">\u00a0</p>\r\n<p style=\"text-align: center; \"><b><span>EM PRIMEIRA DISCUSS\u00c3O</span></b></p>\r\n<p style=\"text-align: justify; \"><b><a class=\"external-link\" href=\"https://sapl.adamantina.sp.leg.br/media/sapl/public/materialegislativa/2025/16603/8a_projeto_de_lei_027_-_m_034_-_projeto_de_lei_-_sec._de_assitencia_-_fundo_m_idoso_-_190.00000_maio_2025.pdf\" target=\"_blank\" title=\"\">Projeto de Emenda \u00e0 LOMA n\u00ba 002/2025</a></b><span> \u2013 Vereadores Maria Gabriela Costa Calil Bearare, Mary Alves dos Santos, Marta de Almeida Bezerra e Cid Jos\u00e9 Aparecido dos Santos \u2013 que \u201cDisp\u00f5e sobre o acr\u00e9scimo do inciso IX do artigo 82, da Subse\u00e7\u00e3o VI \u2013 Dos Direitos e Deveres, da Lei Org\u00e2nica do Munic\u00edpio de Adamantina - LOMA\u201d.\u00a0<b>(APROVADO)</b></span></p>\r\n<p style=\"text-align: justify; \">\u00a0</p>\r\n<p style=\"text-align: center; \"><b><span>EM SEGUNDA DISCUSS\u00c3O E REDA\u00c7\u00c3O FINAL</span></b></p>\r\n<p style=\"text-align: justify; \"><b><a class=\"external-link\" href=\"https://sapl.adamantina.sp.leg.br/media/sapl/public/materialegislativa/2025/16528/6a_ordinaria_-_plc_008_-_m_027_-_unifai.pdf\" target=\"_blank\" title=\"\">Projeto de Lei Complementar n\u00ba 008/2025</a></b><span> \u2013 PM \u2013 que \u201cAltera a Lei Complementar n\u00ba 439, de 23 de agosto de 2023 e d\u00e1 outras provid\u00eancias.\u201d (cria\u00e7\u00e3o de gratifica\u00e7\u00f5es para gestores de contrato da UNIFAI)\u00a0<b>(APROVADO)</b></span></p>\r\n<p style=\"text-align: justify; \"><b><span><a class=\"external-link\" href=\"https://sapl.adamantina.sp.leg.br/media/sapl/public/materialegislativa/2025/16529/6a_ordinaria_-_plc_009_-_m_029_-_criacao_de_vagas.pdf\" target=\"_blank\" title=\"\">Projeto de Lei Complementar n\u00ba 009/2025</a></span></b> \u2013 PM \u2013 que \u201cDisp\u00f5e sobre a cria\u00e7\u00e3o de novas vagas do emprego permanente de Auxiliar de Desenvolvimento Infantil \u2013 Feminino e altera\u00e7\u00e3o do Anexo I - Quadro de Pessoal Consolidado da Lei Complementar n.\u00ba 455/2025 e d\u00e1 outras provid\u00eancias.\u201d\u00a0<b>(APROVADO)</b></p>\r\n<p style=\"text-align: justify; \"><b><span><a class=\"external-link\" href=\"https://sapl.adamantina.sp.leg.br/media/sapl/public/materialegislativa/2025/16532/7a_ordinaria_-_projeto_de_lei_complementar_010_-_m_032_-_doa_imovel_para_empresa_vanilde_adeir_bottasso_languer_-_me.pdf\" target=\"_blank\" title=\"\">Projeto de Lei Complementar n\u00ba 010/2025</a></span></b> \u2013 PM \u2013 que \u201cDisp\u00f5e sobre autoriza\u00e7\u00e3o para o Chefe do Poder Executivo alienar, por doa\u00e7\u00e3o, sem encargos, \u00e0 empresa VANILDE ADEIR BOTTASSO LANGUER o im\u00f3vel que espec\u00edfica.\u201d\u00a0<strong>(RETIRADO PARA MELHORES ESTUDOS)</strong></p>\r\n<p style=\"text-align: justify; \">\u00a0</p>\r\n<p style=\"text-align: justify; \">Ainda, foram apresentados\u00a0<strong>9 Requerimentos</strong>,\u00a0<strong>15 Indica\u00e7\u00f5es</strong> e\u00a0<strong>3 Mo\u00e7\u00f5es de Congratula\u00e7\u00f5es e Aplausos</strong>.</p>\r\n<p>A reuni\u00e3o contou com a presen\u00e7a de todos os vereadores.</p>\r\n<p>Assista na \u00edntegra a sess\u00e3o em nosso Canal no\u00a0<a class=\"external-link\" href=\"https://www.youtube.com/watch?v=5K5ELSSh4MU\" target=\"_blank\" title=\"\">YouTube</a>.</p>\r\n<p>A 10\u00aa Sess\u00e3o Ordin\u00e1ria ser\u00e1 realizada no dia 16 de junho de 2025.</p>\r\n<p>Toda comunidade \u00e9 convidada a acompanhar as sess\u00f5es ao vivo pelo\u00a0<a class=\"external-link\" href=\"https://www.facebook.com/CamaraAdamantina\" target=\"_blank\" title=\"\">facebook</a>,\u00a0bem como pela\u00a0R\u00e1dio Cultura e nosso canal no\u00a0<a class=\"external-link\" href=\"https://youtube.com/@cmatransmissao\" target=\"_blank\" title=\"\">Youtube</a>.</p>", "author_name": "", "version": "1.0", "author_url": "https://www.adamantina.sp.leg.br/author/adm", "provider_name": "C\u00e2mara Municipal de Adamantina", "type": "rich"}