{"provider_url": "https://www.adamantina.sp.leg.br", "title": "Resumo 9\u00aa Sess\u00e3o Extraordin\u00e1ria", "html": "<p style=\"text-align: justify; \">Hoje, 11, foi realizada a 9\u00aa Sess\u00e3o Extraordin\u00e1ria desta Legislatura.</p>\r\n<p style=\"text-align: justify; \">Conforme <a class=\"external-link\" href=\"https://sapl.adamantina.sp.leg.br/media/sapl/public/materialegislativa/2021/13286/circular_046_9a_extra.pdf\" target=\"_blank\" title=\"\">Circular n\u00ba 046/21</a>, foram apreciados e votados,</p>\r\n<p style=\"text-align: justify; \"><b><span>EM DISCUSS\u00c3O \u00daNICA</span></b><b>\u00a0</b></p>\r\n<p style=\"text-align: justify; \"><b><span><a class=\"external-link\" href=\"https://sapl.adamantina.sp.leg.br/media/sapl/public/materialegislativa/2021/13238/pl_081_-_msg_084_-_autoriza_repassar_emendas_para_lar_dos_velhos_e_apae_-_r_65.00000.pdf\" target=\"_self\" title=\"\">Projeto de Lei n\u00ba 081/2021</a></span></b> \u2013 PM \u2013 que \u201cDisp\u00f5e sobre autoriza\u00e7\u00e3o para a Prefeitura do Munic\u00edpio de Adamantina realizar a abertura de cr\u00e9dito adicional especial e repassar ao LAR DOS VELHOS - OBRA UNIDA A SOCIEDADE S\u00c3O VICENTE DE PAULO e ASSOCIA\u00c7\u00c3O DE PAIS E AMIGOS DO EXCEPCIONAL, sob a forma de transfer\u00eancia, recursos financeiros e d\u00e1 outras provid\u00eancias\u201d.</p>\r\n<p style=\"text-align: justify; \">\u00a0</p>\r\n<p style=\"text-align: justify; \"><b><span>EM SEGUNDA DISCUSS\u00c3O E REDA\u00c7\u00c3O FINAL</span></b><span>\u00a0</span></p>\r\n<p style=\"text-align: justify; \"><b><span><a class=\"external-link\" href=\"https://sapl.adamantina.sp.leg.br/media/sapl/public/materialegislativa/2021/12997/plc_011_-_msg_073_-_lei_complementar__-_2a_revisao_do_plano_diretor_-_lc_80-2006.pdf\" target=\"_blank\" title=\"\">Projeto de Lei Complementar n\u00ba 011/2021</a></span></b> \u2013 PM \u2013 que \u201cDisp\u00f5e sobre a 2\u00aa revis\u00e3o da Lei Complementar n\u00b0 080, de 09 de outubro de 2006, que institui o Plano Diretor do Munic\u00edpio de Adamantina e d\u00e1 outras provid\u00eancias\u201d.\u00a0</p>\r\n<p><strong>Todos os projetos foram aprovados por unanimidade</strong>.</p>\r\n<p>A reuni\u00e3o contou com a presen\u00e7a de todos os Vereadores.</p>\r\n<p>Assista na \u00edntegra a sess\u00e3o em nosso canal no <a class=\"external-link\" href=\"https://youtu.be/do5Uwd6fX0E\" target=\"_blank\" title=\"\">YouTube</a>.</p>\r\n<p><span>Toda comunidade \u00e9 convidada a acompanhar as sess\u00f5es ao vivo pelo\u00a0</span><a class=\"external-link\" href=\"https://www.facebook.com/CamaraAdamantina\" target=\"_blank\" title=\"\">facebook</a><span>, bem como pela\u00a0R\u00e1dio Cultura, 99,3 FM, Radio Joia 93,7 FM e TV Cidade.</span></p>", "author_name": "", "version": "1.0", "author_url": "https://www.adamantina.sp.leg.br/author/adm", "provider_name": "C\u00e2mara Municipal de Adamantina", "type": "rich"}