{"provider_url": "https://www.adamantina.sp.leg.br", "title": "Resumo 9\u00aa Sess\u00e3o Ordin\u00e1ria", "html": "<p style=\"text-align: justify; \">No dia 05 de junho, a C\u00e2mara Municipal de Adamantina realizou a 9\u00aa Sess\u00e3o Ordin\u00e1ria, onde foram apreciados e votados 38\u00a0<em>Indica\u00e7\u00f5es</em>, 14\u00a0<em>Requerimentos</em>, e 2 <i>Mo\u00e7\u00f5es de Congratula\u00e7\u00f5es e Aplausos</i>. Foram ainda apresentados para vota\u00e7\u00e3o os projetos abaixo:</p>\r\n<p style=\"text-align: justify; \"><b><span>* <span>EM SEGUNDA DISCUSS\u00c3O E REDA\u00c7\u00c3O FINAL</span></span></b></p>\r\n<p style=\"text-align: justify; \"><b>Projeto de Lei Complementar n\u00ba 016/17</b><span> \u2013 PM \u2013 que \u201cDisp\u00f5e sobre altera\u00e7\u00e3o da Lei Complementar n\u00ba 259, de 05 de abril de 2016, que disp\u00f5e sobre autoriza\u00e7\u00e3o para que o Chefe do Poder Executivo possa determinar a abertura de licita\u00e7\u00e3o, objetivando a Concess\u00e3o de Direito Real de Uso de Im\u00f3vel \u00e0s Empresas nos ramos da Ind\u00fastria e/ou Com\u00e9rcio.\u201d</span></p>\r\n<p style=\"text-align: justify; \"><b>* <span>EM PRIMEIRA DISCUSS\u00c3O</span></b></p>\r\n<p style=\"text-align: justify; \"><b>Projeto de Lei Complementar n\u00ba 019/17</b><span> \u2013 PM \u2013 \u201cAutoriza o Poder Executivo a alienar im\u00f3veis p\u00fablicos para fins de regulariza\u00e7\u00e3o fundi\u00e1ria urbana e d\u00e1 outras provid\u00eancias.\u201d</span></p>\r\n<p style=\"text-align: justify; \"><span>Ambos projetos foram aprovados por\u00a0<strong>unanimidade</strong> em Segunda Discuss\u00e3o e Reda\u00e7\u00e3o Final e em Primeira Discuss\u00e3o, respectivamente.</span></p>\r\n<p style=\"text-align: justify; \"><span><span>A reuni\u00e3o contou com a presen\u00e7a de todos os vereadores, representantes da imprensa escrita e falada e outros membros de nossa comunidade.</span></span></p>", "author_name": "adt", "version": "1.0", "author_url": "https://www.adamantina.sp.leg.br/author/adt", "provider_name": "C\u00e2mara Municipal de Adamantina", "type": "rich"}