{"provider_url": "https://www.adamantina.sp.leg.br", "title": "Resumo 9\u00aa Sess\u00e3o Extraordin\u00e1ria", "html": "<p style=\"text-align: justify; \">Hoje, a C\u00e2mara Municipal de Adamantina, conforme circular n\u00ba 042/17 realizou a\u00a0<strong>9\u00aa Sess\u00e3o Extraordin\u00e1ria</strong>\u00a0que\u00a0<span>teve por objetivo apreciar os seguintes projetos:</span><span>\u00a0</span></p>\r\n<p><span><b>EM DISCUSS\u00c3O </b><b>\u00daNICA</b></span></p>\r\n<p style=\"text-align: justify; \"><b>* Projeto de Lei n\u00ba </b><b>049</b><b>/17</b><span> \u2013 PM \u2013 que \u201cDisp\u00f5e sobre autoriza\u00e7\u00e3o para abertura de cr\u00e9dito suplementar ao or\u00e7amento da Prefeitura do Munic\u00edpio de Adamantina no valor total de R$ 581.000,00 e d\u00e1 outras provid\u00eancias.\u201d</span></p>\r\n<p style=\"text-align: justify; \"><span><b>EM SEGUNDA DISCUSS\u00c3O E REDA\u00c7\u00c3O FINAL</b></span></p>\r\n<p style=\"text-align: justify; \"><b>* Projeto de Lei n\u00ba 043/17</b><span> \u2013 PM \u2013 que \u201cDisp\u00f5e sobre a atribui\u00e7\u00e3o da Inst\u00e2ncia de Controle Social do Programa Bolsa Fam\u00edlia no munic\u00edpio de Adamantina e d\u00e1 outras provid\u00eancias.\u201d</span></p>\r\n<p style=\"text-align: justify; \"><b>* Projeto de Lei n\u00ba 047/17</b><span> \u2013 PM \u2013 que \u201cDisp\u00f5e sobre altera\u00e7\u00e3o das tabelas constantes da Lei n\u00ba 2.527/1993, alterada pela Lei 3591/2013 (altera\u00e7\u00e3o dos valores venais dos im\u00f3veis urbanos).\u201d</span></p>\r\n<p style=\"text-align: justify; \"><b>* Projeto de Lei Complementar n\u00ba 033/17</b><span> \u2013 PM \u2013 \u201cDisp\u00f5e sobre altera\u00e7\u00e3o dos artigos 64, 65, 68, 69, 93, 275 e do Anexo I da Lei 2.328, de 28 de dezembro de 1990 (altera\u00e7\u00e3o do C\u00f3digo Tribut\u00e1rio).\u201d</span></p>\r\n<p style=\"text-align: justify; \"><span>TODOS OS PROJETOS FORAM APROVADOS POR UNANIMIDADE, SALVO O <strong>PROJETO DE LEI N\u00ba 047/17</strong> QUE TEVE UM VOTO CONTR\u00c1RIO DO VEREADOR AGUINALDO PIRES GALV\u00c3O.</span></p>\r\n<p style=\"text-align: justify; \"><span>Informamos ainda, que o </span><b>Projeto de Lei n\u00ba 045/17</b>, de autoria do Executivo,\u00a0<span>que disp\u00f5e sobre a cria\u00e7\u00e3o do Quadro de Empregos P\u00fablicos para fins de execu\u00e7\u00e3o espec\u00edfica do N\u00facleo de Apoio \u00e0 Sa\u00fade da Fam\u00edlia \u2013 NASF, foi retirado da pauta, por ter sido inclu\u00eddo indevidamente na circular, j\u00e1 que ainda n\u00e3o tramitou em Primeira Discuss\u00e3o, o que ir\u00e1 ocorrer nas pr\u00f3ximas sess\u00f5es.</span></p>\r\n<p style=\"text-align: justify; \"><span>A reuni\u00e3o contou com a presen\u00e7a de todos os vereadores da Casa.</span></p>\r\n<p style=\"text-align: justify; \"><span><br /></span></p>", "author_name": "adt", "version": "1.0", "author_url": "https://www.adamantina.sp.leg.br/author/adt", "provider_name": "C\u00e2mara Municipal de Adamantina", "type": "rich"}