{"provider_url": "https://www.adamantina.sp.leg.br", "title": "Resumo 8\u00aa Sess\u00e3o Ordin\u00e1ria", "html": "<p style=\"text-align: justify; \">Ontem, 19, a C\u00e2mara Municipal de Adamantina realizou a 8\u00aa Sess\u00e3o Ordin\u00e1ria desta Legislatura.</p>\r\n<p style=\"text-align: justify; \">Conforme <a class=\"external-link\" href=\"https://sapl.adamantina.sp.leg.br/media/sapl/public/sessaoplenaria/489/pauta/circular_017_-_8a_ordinaria.pdf\" target=\"_blank\" title=\"\">Circular n\u00ba 019/2025</a> foram apreciados e votados os projetos como segue:</p>\r\n<p style=\"text-align: justify; \"><b><span>EM DISCUSS\u00c3O \u00daNICA</span></b><span>\u00a0</span></p>\r\n<p style=\"text-align: justify; \"><b><span><a class=\"external-link\" href=\"https://sapl.adamantina.sp.leg.br/media/sapl/public/materialegislativa/2025/16530/6a_ordinaria_-_projeto_de_decreto_legislativo_001.pdf\" target=\"_blank\" title=\"\">Projeto de Decreto Legislativo n\u00ba 001/2025</a></span></b> \u2013 Vereadores Eder do Nascimento Ruete, H\u00e9lio Jos\u00e9 dos Santos e Aguinaldo Pires Galv\u00e3o \u2013 que \u201cConcede ao Ilustr\u00edssimo Senhor Ant\u00f4nio La\u00e9rcio Mazo o T\u00edtulo de Cidad\u00e3o Adamantinense.\u201d</p>\r\n<p style=\"text-align: justify; \"><b><span><a class=\"external-link\" href=\"https://sapl.adamantina.sp.leg.br/media/sapl/public/materialegislativa/2025/16462/5a_pl_20.pdf\" target=\"_blank\" title=\"\">Projeto de Lei n\u00ba 020/2025</a></span></b> \u2013 PM \u2013 que \u201cDisp\u00f5e sobre autoriza\u00e7\u00e3o para abertura de cr\u00e9dito adicional suplementar ao or\u00e7amento do Centro Universit\u00e1rio de Adamantina no valor total de R$ 110.000,00 (cento e dez mil reais).\u201d</p>\r\n<p style=\"text-align: justify; \"><b><span><a class=\"external-link\" href=\"https://sapl.adamantina.sp.leg.br/media/sapl/public/materialegislativa/2025/16463/5a_pl_21.pdf\" target=\"_blank\" title=\"\">Projeto de Lei n\u00ba 021/2025</a></span></b> \u2013 PM \u2013 que \u201cDisp\u00f5e sobre autoriza\u00e7\u00e3o para abertura de cr\u00e9dito adicional suplementar ao Or\u00e7amento do Centro Universit\u00e1rio de Adamantina no valor total de R$ 1.200.000,00 (um milh\u00e3o e duzentos mil reais).\u201d</p>\r\n<p style=\"text-align: justify; \"><b><span><a class=\"external-link\" href=\"https://sapl.adamantina.sp.leg.br/media/sapl/public/materialegislativa/2025/16506/6a_ordinaria_-_pl_023_-_m_030_-_servico_de_acolhimento.pdf\" target=\"_blank\" title=\"\">Projeto de Lei n\u00ba 023/2025</a></span></b> \u2013 PM \u2013 que \u201cAutoriza o Poder Executivo Municipal a celebrar Conv\u00eanio com as Prefeituras dos munic\u00edpios de Dracena, Fl\u00f3rida Paulista e Osvaldo Cruz, para a manuten\u00e7\u00e3o do Servi\u00e7o Regional de Acolhimento Institucional Rep\u00fablica para Jovens do sexo masculino e feminino, na regi\u00e3o da Alta Paulista e d\u00e1 outras provid\u00eancias.\u201d</p>\r\n<p style=\"text-align: justify; \"><b><span><a class=\"external-link\" href=\"https://sapl.adamantina.sp.leg.br/media/sapl/public/materialegislativa/2025/16527/7a_ordinaria_-_projeto_de_lei_024_-_m_031_-_apelos_e_patas_repasse_tac.pdf\" target=\"_blank\" title=\"\">Projeto de Lei n\u00ba 024/2025</a></span></b> \u2013 PM \u2013 que \u201cDisp\u00f5e sobre autoriza\u00e7\u00e3o para abertura de cr\u00e9dito adicional suplementar no or\u00e7amento do Munic\u00edpio de Adamantina e autoriza\u00e7\u00e3o para que Prefeitura do Munic\u00edpio possa repassar \u00e0 ORGANIZA\u00c7\u00c3O N\u00c3O GOVERNAMENTAL APELOS E PATAS DE ADAMANTINA \u2013 ONG/APA, sob a forma de subven\u00e7\u00e3o, recursos financeiros e d\u00e1 outras provid\u00eancias.\u201d</p>\r\n<p style=\"text-align: justify; \"><b><span><br /></span></b></p>\r\n<p style=\"text-align: justify; \"><b><span>EM PRIMEIRA DISCUSS\u00c3O</span></b></p>\r\n<p style=\"text-align: justify; \"><b><a class=\"external-link\" href=\"https://sapl.adamantina.sp.leg.br/media/sapl/public/materialegislativa/2025/16528/6a_ordinaria_-_plc_008_-_m_027_-_unifai.pdf\" target=\"_blank\" title=\"\">Projeto de Lei Complementar n\u00ba 008/2025</a></b><span> \u2013 PM \u2013 que \u201cAltera a Lei Complementar n\u00ba 439, de 23 de agosto de 2023 e d\u00e1 outras provid\u00eancias.\u201d (cria\u00e7\u00e3o de gratifica\u00e7\u00f5es para gestores de contrato da UNIFAI)</span></p>\r\n<p style=\"text-align: justify; \"><b><span><a class=\"external-link\" href=\"https://sapl.adamantina.sp.leg.br/media/sapl/public/materialegislativa/2025/16529/6a_ordinaria_-_plc_009_-_m_029_-_criacao_de_vagas.pdf\" target=\"_blank\" title=\"\">Projeto de Lei Complementar n\u00ba 009/2025</a></span></b> \u2013 PM \u2013 que \u201cDisp\u00f5e sobre a cria\u00e7\u00e3o de novas vagas do emprego permanente de Auxiliar de Desenvolvimento Infantil \u2013 Feminino e altera\u00e7\u00e3o do Anexo I - Quadro de Pessoal Consolidado da Lei Complementar n.\u00ba 455/2025 e d\u00e1 outras provid\u00eancias.\u201d</p>\r\n<p style=\"text-align: justify; \"><b><span><a class=\"external-link\" href=\"https://sapl.adamantina.sp.leg.br/media/sapl/public/materialegislativa/2025/16532/7a_ordinaria_-_projeto_de_lei_complementar_010_-_m_032_-_doa_imovel_para_empresa_vanilde_adeir_bottasso_languer_-_me.pdf\" target=\"_blank\" title=\"\">Projeto de Lei Complementar n\u00ba 010/2025</a></span></b> \u2013 PM \u2013 que \u201cDisp\u00f5e sobre autoriza\u00e7\u00e3o para o Chefe do Poder Executivo alienar, por doa\u00e7\u00e3o, sem encargos, \u00e0 empresa VANILDE ADEIR BOTTASSO LANGUER o im\u00f3vel que espec\u00edfica.\u201d</p>\r\n<p style=\"text-align: justify; \">Ainda, foram apresentados\u00a0<strong>6 Requerimentos</strong>,\u00a0<strong>13 Indica\u00e7\u00f5es</strong> e\u00a0<strong>2 Mo\u00e7\u00f5es de Congratula\u00e7\u00f5es e Aplausos</strong>.</p>\r\n<p>A reuni\u00e3o contou com a presen\u00e7a de todos os vereadores.</p>\r\n<p>Assista na \u00edntegra a sess\u00e3o em nosso Canal no\u00a0<a class=\"external-link\" href=\"https://www.youtube.com/watch?v=ubDuS963r7o\" target=\"_blank\" title=\"\">YouTube</a>.</p>\r\n<p>A 9\u00aa Sess\u00e3o Ordin\u00e1ria ser\u00e1 realizada no dia 02 de junho de 2025.</p>\r\n<p>Toda comunidade \u00e9 convidada a acompanhar as sess\u00f5es ao vivo pelo\u00a0<a class=\"external-link\" href=\"https://www.facebook.com/CamaraAdamantina\" target=\"_blank\" title=\"\">facebook</a>,\u00a0bem como pela\u00a0R\u00e1dio Cultura e nosso canal no\u00a0<a class=\"external-link\" href=\"https://youtube.com/@cmatransmissao\" target=\"_blank\" title=\"\">Youtube</a>.</p>", "author_name": "", "version": "1.0", "author_url": "https://www.adamantina.sp.leg.br/author/adm", "provider_name": "C\u00e2mara Municipal de Adamantina", "type": "rich"}