{"provider_url": "https://www.adamantina.sp.leg.br", "title": "Resumo 8\u00aa Sess\u00e3o Ordin\u00e1ria", "html": "<p style=\"text-align: justify; \">Ontem, 17, a C\u00e2mara Municipal de Adamantina realizou a 8\u00aa Sess\u00e3o Ordin\u00e1ria.</p>\r\n<p style=\"text-align: justify; \">Conforme\u00a0<a class=\"external-link\" href=\"https://sapl.adamantina.sp.leg.br/media/sapl/public/materialegislativa/2021/12584/circular_017_8a_ordinaria.pdf\" target=\"_blank\" title=\"\">Circular n\u00ba 017/2021</a>\u00a0nada constou na Ordem do Dia.</p>\r\n<p style=\"text-align: justify; \">Ainda, foram apresentados\u00a0<strong>13 Requerimentos</strong>,\u00a0<strong>30 Indica\u00e7\u00f5es</strong> e\u00a0<strong>1 Mo\u00e7\u00e3o de Congratula\u00e7\u00f5es e Aplausos</strong>.</p>\r\n<p style=\"text-align: justify; \">A reuni\u00e3o contou com a presen\u00e7a de todos os vereadores.</p>\r\n<p style=\"text-align: justify; \">Assista na \u00edntegra a sess\u00e3o que foi transmitida pela nossa\u00a0<a class=\"external-link\" href=\"https://www.facebook.com/CamaraAdamantina/videos/273578804458712\" target=\"_blank\" title=\"\">fanpage</a>.</p>\r\n<p style=\"text-align: justify; \">A 9\u00aa Sess\u00e3o Ordin\u00e1ria, realizar-se-\u00e1 no dia 07 de junho de 2021.</p>\r\n<p style=\"text-align: justify; \">Toda comunidade \u00e9 convidada a acompanhar ao vivo pelo\u00a0<a class=\"external-link\" href=\"https://www.facebook.com/CamaraAdamantina\" target=\"_blank\" title=\"\">facebook</a>, bem como pela\u00a0R\u00e1dio Cultura, 99,3 FM, Radio Joia 93,7 FM e TV Cidade.</p>", "author_name": "", "version": "1.0", "author_url": "https://www.adamantina.sp.leg.br/author/adm", "provider_name": "C\u00e2mara Municipal de Adamantina", "type": "rich"}