{"provider_url": "https://www.adamantina.sp.leg.br", "title": "Resumo 8\u00aa Sess\u00e3o Ordin\u00e1ria", "html": "<p style=\"text-align: justify; \">A C\u00e2mara Municipal de Adamantina realizou no dia 22 de Maio a 8\u00aa Sess\u00e3o Ordin\u00e1ria.</p>\r\n<p style=\"text-align: justify; \">Conforme Circular 018/07, foram apreciados e votados os seguintes projetos:\u00a0</p>\r\n<p style=\"text-align: center; \"><b><span>--------EM SEGUNDA DISCUSS\u00c3O E REDA\u00c7\u00c3O FINAL--------</span></b></p>\r\n<p style=\"text-align: justify; \"><b># Projeto de Lei n\u00ba 022/17</b><span><em> \u2013 PM \u2013 que \u201cDisp\u00f5e sobre a regulamenta\u00e7\u00e3o da coleta de entulhos nas obras de constru\u00e7\u00e3o, reforma e demoli\u00e7\u00e3o de Adamantina e d\u00e1 outras provid\u00eancias.\u201d</em> Projeto foi aprovado, com voto contr\u00e1rio do Vereador Alcio Roberto Ikeda.\u00a0</span></p>\r\n<p style=\"text-align: justify; \"><b><span># Projeto de Emenda \u00e0 LOMA n\u00ba 001/17</span></b> <em>\u2013 PM \u2013 que \u201cAltera a reda\u00e7\u00e3o dos Cap\u00edtulos III e IV, do T\u00edtulo V da Lei Org\u00e2nica do Munic\u00edpio de Adamantina.\u201d</em> Projeto foi aprovado por unanimidade\u00a0</p>\r\n<p style=\"text-align: center; \"><b>--------EM PRIMEIRA DISCUSS\u00c3O--------</b></p>\r\n<p style=\"text-align: justify; \"><b># Projeto de Lei Complementar n\u00ba 013/17</b><span> \u2013 Mesa da C\u00e2mara \u2013 \u201cDisp\u00f5e sobre a revis\u00e3o e aumento real sobre os vencimentos dos sal\u00e1rios, proventos e pens\u00f5es dos servidores p\u00fablicos, inativos e pensionistas da C\u00e2mara Municipal de Adamantina e d\u00e1 outras provid\u00eancias.\u201d</span></p>\r\n<p style=\"text-align: justify; \"><b><span># Projeto de Lei Complementar n\u00ba 016/17</span></b> \u2013 PM \u2013 que \u201cDisp\u00f5e sobre altera\u00e7\u00e3o da Lei Complementar n\u00ba 259, de 05 de abril de 2016, que disp\u00f5e sobre autoriza\u00e7\u00e3o para que o Chefe do Poder Executivo possa determinar a abertura de licita\u00e7\u00e3o, objetivando a Concess\u00e3o de Direito Real de Uso de Im\u00f3veis \u00e0s Empresas nos ramos de Ind\u00fastria e/ou Com\u00e9rcio.\u201d</p>\r\n<p style=\"text-align: justify; \"><b><span># Projeto de Lei Complementar n\u00ba 017/17</span></b> \u2013 PM \u2013 que \u201cDisp\u00f5e sobre o estatuto, a estrutura administrativa e acad\u00eamica e organiza o quadro de pessoal do Centro Universit\u00e1rio de Adamantina.\u201d</p>\r\n<p style=\"text-align: justify; \">Ambos projetos foram aprovados por unanimidade em PRIMEIRA DISCUSS\u00c3O.</p>\r\n<p style=\"text-align: justify; \">Foram ainda apresentadas 30 <b><i>INDICA\u00c7\u00d5ES</i></b> e\u00a0<strong></strong>13\u00a0<em><strong>REQUERIMENTOS</strong></em><strong></strong> solicitando melhorias e recursos ao munic\u00edpio de Adamantina.</p>\r\n<p style=\"text-align: justify; \"><span>A reuni\u00e3o contou com a presen\u00e7a de todos os vereadores, representantes da imprensa escrita e falada e outros membros de nossa comunidade.</span></p>", "author_name": "adt", "version": "1.0", "author_url": "https://www.adamantina.sp.leg.br/author/adt", "provider_name": "C\u00e2mara Municipal de Adamantina", "type": "rich"}