{"provider_url": "https://www.adamantina.sp.leg.br", "title": "Resumo 8\u00aa Sess\u00e3o Extraordin\u00e1ria", "html": "<p style=\"text-align: justify; \">No dia 1\u00ba de setembro, a C\u00e2mara Municipal de Adamantina realizou a 8\u00aa Sess\u00e3o Extraordin\u00e1ria desta Legislatura.</p>\r\n<p style=\"text-align: justify; \">Conforme <a class=\"external-link\" href=\"https://sapl.adamantina.sp.leg.br/media/sapl/public/materialegislativa/2021/12990/circular_035_8a_extra.pdf\" target=\"_blank\" title=\"\">Circular n\u00ba 035/21</a> foram apreciados e votados,\u00a0<b>EM DISCUSS\u00c3O \u00daNICA</b>:</p>\r\n<p style=\"text-align: justify; \"><b><a class=\"external-link\" href=\"https://sapl.adamantina.sp.leg.br/media/sapl/public/materialegislativa/2021/12940/projeto_de_lei_063_-_m_065_-_autoriza_celebrar_convenio_com_o_der_-.pdf\" target=\"_blank\" title=\"\">Projeto de Lei n\u00ba 063/2021</a></b><span> \u2013 PM \u2013 \u201cAutoriza o Poder Executivo Municipal firmar Conv\u00eanio com o Departamento de Estradas de Rodagem do Estado de S\u00e3o Paulo \u2013 DER/SP, e d\u00e1 outras provid\u00eancias.\u201d.</span></p>\r\n<p style=\"text-align: justify; \"><b><a class=\"external-link\" href=\"https://sapl.adamantina.sp.leg.br/media/sapl/public/materialegislativa/2021/12941/projeto_de_lei_064_-_m_066_-_abertura_de_credito_especial_r_25.00000_-_fatec.pdf\" target=\"_blank\" title=\"\">Projeto de Lei n\u00ba 064/2021</a></b><span> \u2013 PM \u2013 que \u201cDisp\u00f5e sobre autoriza\u00e7\u00e3o para abertura de cr\u00e9dito adicional especial ao Or\u00e7amento da Prefeitura do Munic\u00edpio de Adamantina no valor total de R$ 25.000,00 e d\u00e1 outras provid\u00eancias\u201d.</span></p>\r\n<p style=\"text-align: justify; \"><b><a class=\"external-link\" href=\"https://sapl.adamantina.sp.leg.br/media/sapl/public/materialegislativa/2021/12942/projeto_de_lei_065_-_m_067_-_autoriza_repassar_para_lar_cristao_50.00000.pdf\" target=\"_blank\" title=\"\">Projeto de Lei n\u00ba 065/2021</a></b><span> \u2013 PM \u2013 \u201cDisp\u00f5e sobre autoriza\u00e7\u00e3o para a Prefeitura do Munic\u00edpio de Adamantina repassar ao Lar Crist\u00e3o de Adamantina, subven\u00e7\u00e3o social financeira e emergencial no valor total de R$ 50.000,00 e d\u00e1 outras provid\u00eancias\u201d.</span></p>\r\n<p style=\"text-align: justify; \"><b><a class=\"external-link\" href=\"https://sapl.adamantina.sp.leg.br/media/sapl/public/materialegislativa/2021/12943/projeto_de_lei_066_-_m_068_-_abertura_de_credito_r_700.00000_-_emenda_estaduais_saude.pdf\" target=\"_blank\" title=\"\">Projeto de Lei n\u00ba 066/2021</a></b><span> \u2013 PM \u2013 \u201cDisp\u00f5e sobre autoriza\u00e7\u00e3o para abertura de cr\u00e9dito adicional suplementar ao Or\u00e7amento da Prefeitura do Munic\u00edpio de Adamantina no valor total de R$ 700.000,00 e d\u00e1 outras provid\u00eancias\u201d.</span></p>\r\n<p style=\"text-align: justify; \"><strong>Todos os projetos foram aprovados por unanimidade</strong>.</p>\r\n<p style=\"text-align: justify; \">A reuni\u00e3o contou com a presen\u00e7a de todos os Vereadores.</p>\r\n<p><span>Assista na \u00edntegra a sess\u00e3o que foi transmitida pela nossa </span><a class=\"external-link\" href=\"https://www.facebook.com/CamaraAdamantina/videos/566589698087260\" target=\"_blank\" title=\"\">fanpage</a><span>.</span></p>\r\n<p><span>Toda comunidade \u00e9 convidada a acompanhar as sess\u00f5es ao vivo pelo\u00a0</span><a class=\"external-link\" href=\"https://www.facebook.com/CamaraAdamantina\" target=\"_blank\" title=\"\">facebook</a><span>, bem como pela\u00a0R\u00e1dio Cultura, 99,3 FM, Radio Joia 93,7 FM e TV Cidade.</span></p>", "author_name": "", "version": "1.0", "author_url": "https://www.adamantina.sp.leg.br/author/adm", "provider_name": "C\u00e2mara Municipal de Adamantina", "type": "rich"}