{"provider_url": "https://www.adamantina.sp.leg.br", "title": "Resumo 86\u00aa Sess\u00e3o Ordin\u00e1ria", "html": "<p>Ontem 16, a C\u00e2mara Municipal de Adamantina realizou a 86\u00aa Sess\u00e3o Ordin\u00e1ria desta Legislatura.</p>\r\n<p>Conforme <a class=\"external-link\" href=\"https://sapl.adamantina.sp.leg.br/media/sapl/public/materialegislativa/2024/16193/circular_063_-_86a_sessao_ordinaria.pdf\" target=\"_blank\" title=\"\">Circular n\u00ba 063/2024</a> foram apreciados e votados,\u00a0<b>EM SEGUNDA DISCUSS\u00c3O E REDA\u00c7\u00c3O FINAL</b> o\u00a0<b><a class=\"external-link\" href=\"https://sapl.adamantina.sp.leg.br/media/sapl/public/materialegislativa/2024/16064/81a_projeto_de_lei_091_m_086_-_concessao_de_subvencoes_e_contribuicoes_-_2025.pdf\" target=\"_blank\" title=\"\">Projeto de Lei n\u00ba 091/2024</a></b>, de autoria do Poder Executivo,<span>\u00a0que \u201cDisp\u00f5e sobre concess\u00e3o de subven\u00e7\u00f5es, aux\u00edlios, contribui\u00e7\u00f5es e conv\u00eanios, termo de colabora\u00e7\u00e3o/fomento.\", e o\u00a0</span><b><a class=\"external-link\" href=\"https://sapl.adamantina.sp.leg.br/media/sapl/public/materialegislativa/2024/16114/24_msg_076_-_loa_2025.pdf\" target=\"_blank\" title=\"\">Projeto de Lei n\u00ba 094/2024</a></b>, tamb\u00e9m d<span><span>e autoria do Poder Executivo,</span><span>\u00a0</span> que \u201cEstima a Receita e Fixa a Despesa do Munic\u00edpio de Adamantina para o exerc\u00edcio de 2025.\u201d\u00a0</span></p>\r\n<p><span>Os projetos foram aprovados por unanimidade.</span></p>\r\n<p>Ainda, foram apreciados e votados <b>1 Indica\u00e7\u00e3o</b> e<b> 3 Mo\u00e7\u00f5es de Congratula\u00e7\u00f5es e Aplausos</b>.</p>\r\n<p>A reuni\u00e3o contou com a presen\u00e7a de todos os vereadores.</p>\r\n<p>Assista na \u00edntegra a sess\u00e3o em nossa p\u00e1gina no\u00a0<a class=\"external-link\" href=\"https://www.facebook.com/CamaraAdamantina/videos/1512716076103243/\" target=\"_blank\" title=\"\">Facebook</a>.</p>\r\n<p>O recesso legislativo ser\u00e1 de 23 de dezembro de 2024 a 1\u00ba de fevereiro de 2025.</p>\r\n<p>Toda comunidade \u00e9 convidada a acompanhar as sess\u00f5es ao vivo pelo\u00a0<a class=\"external-link\" href=\"https://www.facebook.com/CamaraAdamantina\" target=\"_blank\" title=\"\">facebook</a>,\u00a0bem como pela TV Folha Regional, R\u00e1dio Cultura e nosso canal no\u00a0<a class=\"external-link\" href=\"https://youtube.com/@cmatransmissao\" target=\"_blank\" title=\"\">Youtube</a>.</p>", "author_name": "", "version": "1.0", "author_url": "https://www.adamantina.sp.leg.br/author/adm", "provider_name": "C\u00e2mara Municipal de Adamantina", "type": "rich"}