{"provider_url": "https://www.adamantina.sp.leg.br", "title": "Resumo  85\u00aa Sess\u00e3o Ordin\u00e1ria", "html": "<p style=\"text-align: justify; \">Ontem, 02, a C\u00e2mara Municipal de Adamantina realizou a 85\u00aa Sess\u00e3o Ordin\u00e1ria desta Legislatura.</p>\r\n<p style=\"text-align: justify; \">Conforme <a class=\"external-link\" href=\"https://sapl.adamantina.sp.leg.br/media/sapl/public/materialegislativa/2024/16165/circular_60.pdf\" target=\"_blank\" title=\"\">Circular n\u00ba 060/2024</a>\u00a0foi apreciado e votado,\u00a0<b>EM SEGUNDA DISCUSS\u00c3O E REDA\u00c7\u00c3O FINAL</b> o\u00a0<span>\u00a0</span><b><a class=\"external-link\" href=\"https://sapl.adamantina.sp.leg.br/media/sapl/public/materialegislativa/2024/16133/83a_projeto_de_lei_096_m_090__dispoe_sobre_a_aprovacao_do_plano_municipal_para_primeira_infancia.pdf\" target=\"_blank\" title=\"\">Projeto de Lei n\u00ba 096/2024</a></b>, de autoria do Poder Executivo,<span>\u00a0que \u201cAprova o Plano Municipal para a Primeira Inf\u00e2ncia e d\u00e1 outras provid\u00eancias.\u201d\u00a0</span></p>\r\n<p style=\"text-align: justify; \"><span>O projeto foi aprovado por unanimidade.</span></p>\r\n<p style=\"text-align: justify; \"><span>Ainda, foram apreciados e votados\u00a0<strong>18 Requerimentos</strong> e\u00a0<strong>5 Indica\u00e7\u00f5es</strong>.</span></p>\r\n<p>A reuni\u00e3o contou com a presen\u00e7a de todos os vereadores.</p>\r\n<p>Assista na \u00edntegra a sess\u00e3o em nossa p\u00e1gina no <a class=\"external-link\" href=\"https://www.facebook.com/CamaraAdamantina/videos/1512716076103243/\" target=\"_blank\" title=\"\">Facebook</a>.</p>\r\n<p>A 86\u00aa Sess\u00e3o Ordin\u00e1ria acontecer\u00e1 no dia 16 de dezembro de 2024</p>\r\n<p>Toda comunidade \u00e9 convidada a acompanhar as sess\u00f5es ao vivo pelo\u00a0<a class=\"external-link\" href=\"https://www.facebook.com/CamaraAdamantina\" target=\"_blank\" title=\"\">facebook</a>,\u00a0bem como pela\u00a0R\u00e1dio Cultura 99,3 FM, e nosso canal no\u00a0<a class=\"external-link\" href=\"https://youtube.com/@cmatransmissao\" target=\"_blank\" title=\"\">Youtube</a>.</p>\r\n<p style=\"text-align: justify; \"><span><br /></span></p>", "author_name": "", "version": "1.0", "author_url": "https://www.adamantina.sp.leg.br/author/adm", "provider_name": "C\u00e2mara Municipal de Adamantina", "type": "rich"}