{"provider_url": "https://www.adamantina.sp.leg.br", "title": "Resumo 83\u00aa Sess\u00e3o Ordin\u00e1ria", "html": "<p style=\"text-align: justify; \">No dia 04 de novembro, esta Casa de Leis realizou a 82\u00aa Sess\u00e3o Ordin\u00e1ria desta Legislatura.</p>\r\n<p style=\"text-align: justify; \">Conforme <a class=\"external-link\" href=\"https://sapl.adamantina.sp.leg.br/media/sapl/public/materialegislativa/2024/16138/circular_054_-_83a_sessao_ordinaria.pdf\" target=\"_blank\" title=\"\">Circular n\u00ba 054/2024</a> foram apreciados e votados os projetos como segue:</p>\r\n<p style=\"text-align: justify; \"><b><span>EM DISCUSS\u00c3O \u00daNICA</span></b></p>\r\n<p style=\"text-align: justify; \"><b><a class=\"external-link\" href=\"https://sapl.adamantina.sp.leg.br/media/sapl/public/materialegislativa/2024/16115/82a_projeto_de_lei_095_m_089_-_repasse_lar_dos_velhos_r_60.00000.pdf\" target=\"_blank\" title=\"\">Projeto de Lei n\u00ba 095/2024</a></b><span> \u2013 PM \u2013 que \u201cDisp\u00f5e sobre autoriza\u00e7\u00e3o para a Prefeitura do Munic\u00edpio de Adamantina abrir cr\u00e9dito adicional suplementar e repassar ao Lar dos Velhos Obra Unida a Sociedade de S\u00e3o Vicente de Paulo de Adamantina (Lar dos Velhos Adamantina), recurso financeiro e d\u00e1 outras provid\u00eancias.</span></p>\r\n<p style=\"text-align: justify; \"><span><br /></span></p>\r\n<p style=\"text-align: justify; \"><b>EM PRIMEIRA DISCUSS\u00c3O</b></p>\r\n<p style=\"text-align: justify; \"><b><a class=\"external-link\" href=\"https://sapl.adamantina.sp.leg.br/media/sapl/public/materialegislativa/2024/16064/81a_projeto_de_lei_091_m_086_-_concessao_de_subvencoes_e_contribuicoes_-_2025.pdf\" target=\"_blank\" title=\"\">Projeto de Lei n\u00ba 091/2024</a></b><span> \u2013 PM \u2013 que \u201cDisp\u00f5e sobre concess\u00e3o de subven\u00e7\u00f5es, aux\u00edlios, contribui\u00e7\u00f5es e conv\u00eanios, termo de colabora\u00e7\u00e3o/fomento.\u201d</span></p>\r\n<p style=\"text-align: justify; \"><b><span><a class=\"external-link\" href=\"https://sapl.adamantina.sp.leg.br/media/sapl/public/materialegislativa/2024/16114/82a_projeto_de_lei_094_m_076_-_loa_2025.pdf\" target=\"_blank\" title=\"\">Projeto de Lei n\u00ba 094/2024</a></span></b> \u2013 PM \u2013 que \u201cEstima a Receita e Fixa a Despesa do Munic\u00edpio de Adamantina para o exerc\u00edcio de 2025.\u201d</p>\r\n<p style=\"text-align: justify; \">Todos os projetos foram aprovados.</p>\r\n<p style=\"text-align: justify; \">Ainda, foram apresentados\u00a0<strong>6 Requerimentos</strong>,\u00a0<strong>8 Indica\u00e7\u00f5es</strong> e\u00a0<strong>3 Mo\u00e7\u00f5es de Congratula\u00e7\u00f5es e Aplausos</strong>.</p>\r\n<p>A reuni\u00e3o contou com a presen\u00e7a de todos os vereadores.</p>\r\n<p><span>A 84\u00aa Sess\u00e3o Ordin\u00e1ria acontecer\u00e1 no dia18 de novembro de 2024</span></p>\r\n<p>Toda comunidade \u00e9 convidada a acompanhar as sess\u00f5es ao vivo pelo\u00a0<a class=\"external-link\" href=\"https://www.facebook.com/CamaraAdamantina\" target=\"_blank\" title=\"\">facebook</a>,\u00a0bem como pela\u00a0R\u00e1dio Cultura 99,3 FM, e nosso canal no\u00a0<a class=\"external-link\" href=\"https://youtube.com/@cmatransmissao\" target=\"_blank\" title=\"\">Youtube</a>.</p>", "author_name": "", "version": "1.0", "author_url": "https://www.adamantina.sp.leg.br/author/adm", "provider_name": "C\u00e2mara Municipal de Adamantina", "type": "rich"}