{"provider_url": "https://www.adamantina.sp.leg.br", "title": "Resumo 83\u00aa Sess\u00e3o Ordin\u00e1ria", "html": "<p style=\"text-align: justify; \">Ontem, 05 de dezembro, esta Casa de Leis realizou a \u00a083\u00aa Sess\u00e3o Ordin\u00e1ria. F<span>oram apreciados e votados 8 requerimentos, em sua maioria solicitando recursos financeiros ao munic\u00edpio, 13 indica\u00e7\u00f5es, solicitando ao Executivo melhorias em diversos setores da cidade.</span></p>\r\n<p style=\"text-align: justify; \"><span><span>Conforme Circular n\u00ba 049/16, foi apreciado e votado o projeto abaixo:</span></span></p>\r\n<p style=\"text-align: justify; \"><b><span>EM DISCUSS\u00c3O</span></b><b><span> \u00daNICA =\u00a0</span></b><b>Projeto de Lei n\u00ba 042/16</b><span> \u2013 Vereadora Maria de Lourdes Santos Gil \u2013 que \u201cDisp\u00f5e sobre a denomina\u00e7\u00e3o de logradouros p\u00fablicos do \u201cResidencial Campos Verdes\u201d e d\u00e1 outras provid\u00eancias.\u201d</span></p>\r\n<p style=\"text-align: justify; \"><b>EM PRIMEIRA DISCUSS\u00c3O =\u00a0</b><b>Projeto de Lei n\u00ba 041/16</b><span> \u2013 PM \u2013 que \u201cDisp\u00f5e sobre concess\u00e3o de subven\u00e7\u00f5es, aux\u00edlios e subven\u00e7\u00f5es.\u201d</span></p>\r\n<p style=\"text-align: justify; \"><span>Ambos foram aprovados por unanimidade conforme a discuss\u00e3o exigida.</span></p>\r\n<p style=\"text-align: justify; \"><span><span>A pr\u00f3xima Sess\u00e3o Ordin\u00e1ria, ser\u00e1 realizada dia 12 de dezembro \u00e0s 20h\u00a0<span>no Plen\u00e1rio Vereador Jos\u00e9 Ikeda\u00a0situado na Rua Osvaldo Cruz, 261 - t\u00e9rreo.</span>.\u00a0</span><span>Toda a comunidade \u00e9 convidada a acompanhar pessoalmente ou pelas R\u00e1dios \u00a0Joia e LIFE.\u00a0</span><span>\u00a0</span></span></p>\r\n<p style=\"text-align: justify; \"><span><span><br /></span></span></p>", "author_name": "adt", "version": "1.0", "author_url": "https://www.adamantina.sp.leg.br/author/adt", "provider_name": "C\u00e2mara Municipal de Adamantina", "type": "rich"}