{"provider_url": "https://www.adamantina.sp.leg.br", "title": "Resumo 82\u00aa Sess\u00e3o Ordin\u00e1ria", "html": "<p class=\" \" style=\"text-align: justify; \">Segunda-feira, 21, esta Casa realizou a \u00a082\u00aa Sess\u00e3o Ordin\u00e1ria, foram apreciados e votados 10 requerimentos, em sua maioria solicitando recursos financeiros ao munic\u00edpio, 17 indica\u00e7\u00f5es, solicitando ao Executivo melhorias em diversos setores da cidade e 1 Mo\u00e7\u00e3o de Congratula\u00e7\u00f5es e Aplausos.</p>\r\n<p class=\" \" style=\"text-align: justify; \">Conforme Circular n\u00ba 046/16, foi apreciado e votado o projeto abaixo:</p>\r\n<p style=\"text-align: justify; \"><b><span>Projeto de Decreto Legislativo n\u00ba 005/16</span></b> \u2013 Vereadores Rog\u00e9rio C\u00e9sar Sacoman e Roberto Hon\u00f3rio de Oliveira \u2013 que \u201c Concede ao Excelent\u00edssimo Senhor Ed Thomas, Deputado Estadual, o t\u00edtulo de Cidad\u00e3o Adamantinense.\u201d</p>\r\n<p style=\"text-align: justify; \">O mesmo foi aprovado por unanimidade.</p>\r\n<p style=\"text-align: justify; \"><span>A pr\u00f3xima Sess\u00e3o Ordin\u00e1ria, ser\u00e1 realizada dia 05 de dezembro \u00e0s 20h <span>no Plen\u00e1rio Vereador Jos\u00e9 Ikeda\u00a0situado na Rua Osvaldo Cruz, 261 - t\u00e9rreo.</span>.\u00a0</span><span>Toda a comunidade \u00e9 convidada a acompanhar pessoalmente ou pelas R\u00e1dios \u00a0Joia e LIFE.\u00a0</span><span>\u00a0</span></p>", "author_name": "adt", "version": "1.0", "author_url": "https://www.adamantina.sp.leg.br/author/adt", "provider_name": "C\u00e2mara Municipal de Adamantina", "type": "rich"}