{"provider_url": "https://www.adamantina.sp.leg.br", "title": "Resumo 81\u00aa Sess\u00e3o Ordin\u00e1ria", "html": "<p>Na \u00faltima segunda-feira, 14, a C\u00e2mara Municipal de Adamantina realizou a 81\u00aa Sess\u00e3o Ordin\u00e1ria desta Legislatura.</p>\r\n<p>Conforme <a class=\"external-link\" href=\"https://sapl.adamantina.sp.leg.br/media/sapl/public/materialegislativa/2024/16054/circular_81a_ordinaria.pdf\" target=\"_blank\" title=\"\">Circular n\u00ba 049/202</a>\u00a0\u00a0foram apreciados e votados os projetos como segue:</p>\r\n<p><b><span>EM DISCUSS\u00c3O \u00daNICA</span></b></p>\r\n<p><b><a class=\"external-link\" href=\"https://sapl.adamantina.sp.leg.br/media/sapl/public/materialegislativa/2024/16026/80a_projeto_de_lei_081_m_077_-_abertura_de_credito_suplementar_r1.223.62681_-_convenio_cmil_no_054-630-20524_pontes_rurais.pdf\" target=\"_blank\" title=\"\">Projeto de Lei n\u00ba 081/2024</a></b><span> \u2013 PM \u2013 que \u201dDisp\u00f5e sobre autoriza\u00e7\u00e3o para </span><i>abertura de cr\u00e9dito adicional suplementar </i><span>ao Or\u00e7amento da Prefeitura do Munic\u00edpio de Adamantina no valor total de R$ 1.223.626,81, para constru\u00e7\u00e3o de ponte sobre o C\u00f3rrego Caldeira na Estrada ADM 343, e d\u00e1 outras provid\u00eancias.\u201d</span></p>\r\n<p><b><a class=\"external-link\" href=\"https://sapl.adamantina.sp.leg.br/media/sapl/public/materialegislativa/2024/16027/80a_projeto_de_lei_082_m_078_-_abertura_de_credito_suplementar_r_100.00000_-_transporte_escolar.pdf\" target=\"_blank\" title=\"\">Projeto de Lei n\u00ba 082/2024</a></b><span> \u2013 PM \u2013 que \u201cDisp\u00f5e sobre autoriza\u00e7\u00e3o para </span><i>abertura de cr\u00e9dito adicional suplementar </i><span>ao Or\u00e7amento da Prefeitura do Munic\u00edpio de Adamantina no valor total de R$ 100.000,00, para transporte escolar, \u00a0e d\u00e1 outras provid\u00eancias.\u201d</span></p>\r\n<p>\u00a0</p>\r\n<p><b><span>EM PRIMEIRA DISCUSS\u00c3O </span></b></p>\r\n<p><b><a class=\"external-link\" href=\"https://sapl.adamantina.sp.leg.br/media/sapl/public/materialegislativa/2024/16028/80a_projeto_de_lei_083_m_079_-_cria_o_fundo_municipal_de_saneamento_ambiental_e_infraestrutura__fmsai.pdf\" target=\"_blank\" title=\"\">Projeto de Lei n\u00ba 083/2024</a></b><span> \u2013 PM \u2013 que \u201cDisp\u00f5e sobre a cria\u00e7\u00e3o do Fundo Municipal de Saneamento Ambiental e Infraestrutura \u2013 FMSAI e d\u00e1 outras provid\u00eancias.\u201d</span></p>\r\n<p><span>Ainda, foram apresentados <strong>09\u00a0Requerimentos</strong>, e\u00a0<strong>10 Indica\u00e7\u00f5es</strong>.</span></p>\r\n<p>A reuni\u00e3o contou com a presen\u00e7a de todos os vereadores.</p>\r\n<p>Assista na \u00edntegra a sess\u00e3o em nosso canal do <a class=\"external-link\" href=\"https://youtu.be/YI1eXGEXaxA?si=kjF3ktM-pySu0amD\" target=\"_blank\" title=\"\">Youtube</a>.</p>\r\n<p>A 82\u00aa Sess\u00e3o Ordin\u00e1ria acontecer\u00e1 no dia 21 de outubro de 2024</p>\r\n<p>Toda comunidade \u00e9 convidada a acompanhar as sess\u00f5es ao vivo pelo\u00a0<a class=\"external-link\" href=\"https://www.facebook.com/CamaraAdamantina\" target=\"_blank\" title=\"\">facebook</a>,\u00a0bem como pela\u00a0R\u00e1dio Cultura 99,3 FM, e nosso canal no\u00a0<a class=\"external-link\" href=\"https://youtube.com/@cmatransmissao\" target=\"_blank\" title=\"\">Youtube</a>.</p>", "author_name": "", "version": "1.0", "author_url": "https://www.adamantina.sp.leg.br/author/adm", "provider_name": "C\u00e2mara Municipal de Adamantina", "type": "rich"}