{"provider_url": "https://www.adamantina.sp.leg.br", "title": "Resumo 80\u00aa Sess\u00e3o Ordin\u00e1ria", "html": "<p style=\"text-align: justify; \">Ontem, 16, a C\u00e2mara Municipal de Adamantina realizou a 80\u00aa Sess\u00e3o Ordin\u00e1ria desta Legislatura.</p>\r\n<p style=\"text-align: justify; \">Conforme <a class=\"external-link\" href=\"https://sapl.adamantina.sp.leg.br/media/sapl/public/materialegislativa/2024/16032/circular_047_-_80a_sessao_ordinaria.pdf\" target=\"_blank\" title=\"\">Circular n\u00ba 047/2024</a> foi apreciado e votado\u00a0<b>EM SEGUNDA DISCUSS\u00c3O E REDA\u00c7\u00c3O FINAL</b><strong></strong>, o<strong>\u00a0</strong><b><a class=\"external-link\" href=\"https://sapl.adamantina.sp.leg.br/media/sapl/public/materialegislativa/2024/15969/78a_projeto_de_lei_complementar_011_m_073_-__revoga_lc_313_-_reversao_de_lote_valentin_gatti_-gustavo_garcia_lopes_ribeira.pdf\" target=\"_blank\" title=\"\">Projeto de Lei Complementar n\u00ba 011/2024</a></b>, de autoria do Poder Executivo,\u00a0<span>que \u201dDisp\u00f5e sobre a revoga\u00e7\u00e3o da Lei Complementar n.\u00ba 313, de 04 de julho de 2018, que disp\u00f5e sobre autoriza\u00e7\u00e3o para que o Chefe do Poder Executivo possa outorgar Concess\u00e3o de Direito Real de Uso de Im\u00f3vel \u00e0 Gustavo Garcia Lopes Ribeira 37680424802 e d\u00e1 outras provid\u00eancias.\u201d O projeto foi APROVADO.</span></p>\r\n<p style=\"text-align: justify; \">Ainda, foram apresentados\u00a0<strong>1 Requerimento</strong>,\u00a0<strong>20 Indica\u00e7\u00f5es</strong> e <b>2 Mo\u00e7\u00f5es de Congratula\u00e7\u00f5es e Aplausos</b>.</p>\r\n<p style=\"text-align: justify; \">A reuni\u00e3o contou com a presen\u00e7a de todos os vereadores.</p>\r\n<p style=\"text-align: justify; \">Assista na \u00edntegra a sess\u00e3o em nossa p\u00e1gina no\u00a0<a class=\"external-link\" href=\"https://www.facebook.com/CamaraAdamantina/videos/1226083402174072/\" target=\"_blank\" title=\"\">Facebook</a>.</p>\r\n<p style=\"text-align: justify; \"><span>Toda comunidade \u00e9 convidada a acompanhar as sess\u00f5es ao vivo pelo\u00a0</span><a class=\"external-link\" href=\"https://www.facebook.com/CamaraAdamantina\" target=\"_blank\" title=\"\">facebook</a><span>,\u00a0bem como pela\u00a0R\u00e1dio Cultura 99,3 FM, e nosso canal no\u00a0</span><a class=\"external-link\" href=\"https://youtube.com/@cmatransmissao\" target=\"_blank\" title=\"\">Youtube</a><span>.</span></p>", "author_name": "", "version": "1.0", "author_url": "https://www.adamantina.sp.leg.br/author/adm", "provider_name": "C\u00e2mara Municipal de Adamantina", "type": "rich"}