{"provider_url": "https://www.adamantina.sp.leg.br", "title": "Resumo 7\u00aa Sess\u00e3o Ordin\u00e1ria", "html": "<p style=\"text-align: justify; \">Na \u00faltima segunda-feira, 05, esta Casa de Leis realizou a\u00a0 7\u00aa Sess\u00e3o Ordin\u00e1ria desta Legislatura.</p>\r\n<p style=\"text-align: justify; \">Conforme <a class=\"external-link\" href=\"https://sapl.adamantina.sp.leg.br/media/sapl/public/materialegislativa/2025/16507/circular_014_-_7a_ordinaria.pdf\" target=\"_blank\" title=\"\">Circular n\u00ba 014/2025</a>, foram apreciados e votados:</p>\r\n<p style=\"text-align: justify; \"><b><span>EM DISCUSS\u00c3O \u00daNICA</span></b></p>\r\n<p style=\"text-align: justify; \"><b><a class=\"external-link\" href=\"https://sapl.adamantina.sp.leg.br/media/sapl/public/materialegislativa/2025/16505/6a_ordinaria_-_projeto_de_lei_022_sindrome_de_edwards.pdf\" target=\"_blank\" title=\"\">Projeto de Lei n\u00ba 022/2025</a></b><span> \u2013 Vereador Eder do Nascimento Ruete \u2013 que \u201cInstitui o Dia da Conscientiza\u00e7\u00e3o sobre a S\u00edndrome de Edwards e d\u00e1 outras provid\u00eancias.\u201d</span></p>\r\n<p style=\"text-align: justify; \">\u00a0</p>\r\n<p style=\"text-align: justify; \"><b><span>EM PRIMEIRA DISCUSS\u00c3O</span></b></p>\r\n<p style=\"text-align: justify; \"><b><a class=\"external-link\" href=\"https://sapl.adamantina.sp.leg.br/media/sapl/public/materialegislativa/2025/16508/6a_ordinaria_-_plc_007_-_aumento_camara.pdf\" target=\"_blank\" title=\"\">Projeto de Lei Complementar n\u00ba 007/2025</a></b><span> \u2013 PM \u2013 que \u201cDisp\u00f5e sobre a revis\u00e3o e aumento real sobre os vencimentos, sal\u00e1rios, proventos e pens\u00f5es dos servidores p\u00fablicos ativos, inativos e pensionistas da C\u00e2mara Municipal de Adamantina e d\u00e1 outras provid\u00eancias.\u201d</span></p>\r\n<p style=\"text-align: justify; \">\u00a0</p>\r\n<p style=\"text-align: justify; \"><b><span>EM SEGUNDA DISCUSS\u00c3O E REDA\u00c7\u00c3O FINAL</span></b></p>\r\n<p style=\"text-align: justify; \"><b><a class=\"external-link\" href=\"https://sapl.adamantina.sp.leg.br/media/sapl/public/materialegislativa/2025/16464/5a_plc_006.pdf\" target=\"_blank\" title=\"\">Projeto de Lei Complementar n\u00ba 006/2025</a></b><span> \u2013 PM \u2013 que \u201cDisp\u00f5e sobre a altera\u00e7\u00e3o da Lei Complementar 094/2007, alterada pela Lei Complementar 440/2023, adequa\u00e7\u00e3o do Anexo I - Quadro de Pessoal \u2013 Especialistas em Educa\u00e7\u00e3o, da referida lei, cria\u00e7\u00e3o de vaga para a fun\u00e7\u00e3o de confian\u00e7a de Coordenador Pedag\u00f3gico e d\u00e1 outras provid\u00eancias.\u201d</span></p>\r\n<p style=\"text-align: justify; \">Todos os Projetos foram aprovados por unanimidade.</p>\r\n<p style=\"text-align: justify; \">Ainda, foram aprovados\u00a0<strong>22 Requerimentos</strong>,\u00a0<strong>12 Indica\u00e7\u00f5es</strong> e\u00a0<strong>1 Mo\u00e7\u00e3o de Congratula\u00e7\u00f5es e Aplausos</strong>.</p>\r\n<p>A reuni\u00e3o contou com a presen\u00e7a de todos os vereadores.</p>\r\n<p>Assista na \u00edntegra a sess\u00e3o em nosso Canal no\u00a0<a class=\"external-link\" href=\"https://www.youtube.com/watch?v=wt0bPIgwvuI\" target=\"_blank\" title=\"\">YouTube</a>.</p>\r\n<p>A 8\u00aa Sess\u00e3o Ordin\u00e1ria ser\u00e1 realizada no dia 19 de Maio de 2025.</p>\r\n<p>Toda comunidade \u00e9 convidada a acompanhar as sess\u00f5es ao vivo pelo\u00a0<a class=\"external-link\" href=\"https://www.facebook.com/CamaraAdamantina\" target=\"_blank\" title=\"\">facebook</a>,\u00a0bem como pela\u00a0R\u00e1dio Cultura e nosso canal no\u00a0<a class=\"external-link\" href=\"https://youtube.com/@cmatransmissao\" target=\"_blank\" title=\"\">Youtube</a>.</p>", "author_name": "", "version": "1.0", "author_url": "https://www.adamantina.sp.leg.br/author/adm", "provider_name": "C\u00e2mara Municipal de Adamantina", "type": "rich"}