{"provider_url": "https://www.adamantina.sp.leg.br", "title": "Resumo 7\u00aa Sess\u00e3o Ordin\u00e1ria", "html": "<p style=\"text-align: justify; \">Ontem, 03, a C\u00e2mara Municipal de Adamantina realizou a 7\u00aa Sess\u00e3o Ordin\u00e1ria desta Legislatura.</p>\r\n<p style=\"text-align: justify; \">Foram apreciados e votados\u00a0<strong>18 Requerimentos</strong>,\u00a0<strong>44 Indica\u00e7\u00f5es</strong> e<strong> 2 Mo\u00e7\u00f5es de Congratula\u00e7\u00f5es e Aplausos</strong>.</p>\r\n<p style=\"text-align: justify; \">Ainda, conforme <a class=\"external-link\" href=\"https://sapl.adamantina.sp.leg.br/media/sapl/public/materialegislativa/2021/12518/circular_016_7a_ordinaria.pdf\" target=\"_blank\" title=\"\">Circular n\u00ba 016/2021</a> nada constou na Ordem do Dia.</p>\r\n<p><span>A reuni\u00e3o contou com a presen\u00e7a de todos os vereadores.</span></p>\r\n<p><span>Assista na \u00edntegra a sess\u00e3o que foi transmitida pela nossa\u00a0</span><a class=\"external-link\" href=\"https://www.facebook.com/CamaraAdamantina/videos/473528487196258\" target=\"_blank\" title=\"\">fanpage</a><span>.</span></p>\r\n<p>A 8\u00aa Sess\u00e3o Ordin\u00e1ria, realizar-se-\u00e1 no dia 17 de maio de 2021.</p>\r\n<p><span>Toda comunidade \u00e9 convidada a acompanhar ao vivo pelo\u00a0</span><a class=\"external-link\" href=\"https://www.facebook.com/CamaraAdamantina\" target=\"_blank\" title=\"\">facebook</a>, bem como pela\u00a0<span>R\u00e1dio Cultura, 99,3 FM, Radio Joia 93,7 FM e TV Cidade.</span></p>", "author_name": "", "version": "1.0", "author_url": "https://www.adamantina.sp.leg.br/author/adm", "provider_name": "C\u00e2mara Municipal de Adamantina", "type": "rich"}