{"provider_url": "https://www.adamantina.sp.leg.br", "title": "Resumo 79\u00aa Sess\u00e3o Ordin\u00e1ria", "html": "<p>No \u00faltimo dia 02 a C\u00e2mara Municipal de Adamantina realizou a 79\u00aa Sess\u00e3o Ordin\u00e1ria desta Legislatura.</p>\r\n<p>Conforme <a class=\"external-link\" href=\"https://sapl.adamantina.sp.leg.br/media/sapl/public/materialegislativa/2024/16000/circular_045_-_79a_sessao_ordinaria.pdf\" target=\"_blank\" title=\"\">Circular n\u00ba 045/2024</a> foram apreciados e votados os projetos como segue:</p>\r\n<p><b><span>EM DISCUSS\u00c3O \u00daNICA</span></b></p>\r\n<p><b><a class=\"external-link\" href=\"https://sapl.adamantina.sp.leg.br/media/sapl/public/materialegislativa/2024/15964/78a_projeto_de_decreto_legislativo_007_-_contas_da_prefeitura.pdf\" target=\"_blank\" title=\"\">Projeto de Decreto Legislativo n\u00ba 007/2024</a></b><span> \u2013 Comiss\u00e3o de Finan\u00e7as e Or\u00e7amento \u2013 que \u201cDisp\u00f5e sobre a aprecia\u00e7\u00e3o das contas da Prefeitura do Munic\u00edpio de Adamantina, exerc\u00edcio 2022 \u2013 TC 004223.989.22.9.\u201d</span></p>\r\n<p><b><span><a class=\"external-link\" href=\"https://sapl.adamantina.sp.leg.br/media/sapl/public/materialegislativa/2024/15965/78a_projeto_de_lei_076_-_residencial_porto_seguro.pdf\" target=\"_blank\" title=\"\">Projeto de Lei n\u00ba 076/2024</a></span></b> \u2013 Todos os Vereadores \u2013 que \u201cDisp\u00f5e sobre a denomina\u00e7\u00e3o de logradouro p\u00fablico do Residencial Porto Seguro.\u201d</p>\r\n<p><b><span><a class=\"external-link\" href=\"https://sapl.adamantina.sp.leg.br/media/sapl/public/materialegislativa/2024/15967/78a_projeto_de_lei_078_-_residencial_espanha.pdf\" target=\"_blank\" title=\"\">Projeto de Lei n\u00ba 078/2024</a></span></b> \u2013 Todos os Vereadores - \u201cDisp\u00f5e sobre a denomina\u00e7\u00e3o de logradouro p\u00fablico do Residencial Espanha.\u201d</p>\r\n<p><b><span><a class=\"external-link\" href=\"https://sapl.adamantina.sp.leg.br/media/sapl/public/materialegislativa/2024/15968/78a_projeto_de_lei_079_m_074_-_regulamenta_o_cordao_girassol.pdf\" target=\"_blank\" title=\"\">Projeto de Lei n\u00ba 079/2024</a></span></b> \u2013 PM \u2013 que \u201cDisp\u00f5e Sobre Regulamenta\u00e7\u00e3o do Uso do Cord\u00e3o de Girassol como Instrumento Auxiliar de Orienta\u00e7\u00e3o para Identifica\u00e7\u00e3o de Pessoas com Defici\u00eancia Oculta no \u00c2mbito do Munic\u00edpio de Adamantina e d\u00e1 outras providencias.\u201d</p>\r\n<p>\u00a0</p>\r\n<p><b><span>EM PRIMEIRA DISCUSS\u00c3O</span></b></p>\r\n<p><b><a class=\"external-link\" href=\"https://sapl.adamantina.sp.leg.br/media/sapl/public/materialegislativa/2024/15969/78a_projeto_de_lei_complementar_011_m_073_-__revoga_lc_313_-_reversao_de_lote_valentin_gatti_-gustavo_garcia_lopes_ribeira.pdf\" target=\"_blank\" title=\"\">Projeto de Lei Complementar n\u00ba 011/2024</a></b><span> \u2013 PM \u2013 que \u201dDisp\u00f5e sobre a revoga\u00e7\u00e3o da Lei Complementar n.\u00ba 313, de 04 de julho de 2018, que disp\u00f5e sobre autoriza\u00e7\u00e3o para que o Chefe do Poder Executivo possa outorgar Concess\u00e3o de Direito Real de Uso de Im\u00f3vel \u00e0 Gustavo Garcia Lopes Ribeira 37680424802 e d\u00e1 outras provid\u00eancias.\u201d</span></p>\r\n<p>Todos os projetos foram aprovados por unanimidade.</p>\r\n<p>Ainda, foram apresentados\u00a0<strong>5 Requerimentos</strong>,\u00a0<strong>17 Indica\u00e7\u00f5es</strong> e\u00a0<strong>1 Mo\u00e7\u00e3o de Congratula\u00e7\u00f5es e Aplausos</strong>.</p>\r\n<p>A reuni\u00e3o contou com a presen\u00e7a de todos os vereadores.</p>\r\n<p>Assista na \u00edntegra a sess\u00e3o em nossa p\u00e1gina no <a class=\"external-link\" href=\"https://www.facebook.com/CamaraAdamantina/videos/1182052286250910/\" target=\"_blank\" title=\"\">Facebook</a>.</p>\r\n<p>A 80\u00aa Sess\u00e3o Ordin\u00e1ria acontecer\u00e1 dia 16 de setembro de 2024.</p>\r\n<p>Toda comunidade \u00e9 convidada a acompanhar as sess\u00f5es ao vivo pelo\u00a0<a class=\"external-link\" href=\"https://www.facebook.com/CamaraAdamantina\" target=\"_blank\" title=\"\">facebook</a>,\u00a0bem como pela\u00a0R\u00e1dio Cultura 99,3 FM, e nosso canal no\u00a0<a class=\"external-link\" href=\"https://youtube.com/@cmatransmissao\" target=\"_blank\" title=\"\">Youtube</a>.</p>", "author_name": "", "version": "1.0", "author_url": "https://www.adamantina.sp.leg.br/author/adm", "provider_name": "C\u00e2mara Municipal de Adamantina", "type": "rich"}