{"provider_url": "https://www.adamantina.sp.leg.br", "title": "Resumo 78\u00aa Sess\u00e3o Ordin\u00e1ria", "html": "<p style=\"text-align: justify; \">Ontem 19, a C\u00e2mara Municipal de Adamantina realizou a 78\u00aa Sess\u00e3o Ordin\u00e1ria desta Legislatura.</p>\r\n<p style=\"text-align: justify; \">Conforme <a class=\"external-link\" href=\"https://sapl.adamantina.sp.leg.br/media/sapl/public/materialegislativa/2024/15970/circular_042_-_78a_ordinaria.pdf\" target=\"_blank\" title=\"\">Circular n\u00ba 042/2024 </a>foram apresentados e votados as proposi\u00e7\u00f5es abaixo:</p>\r\n<p style=\"text-align: center; \"><b><span>EM DISCUSS\u00c3O \u00daNICA</span></b></p>\r\n<p style=\"text-align: justify; \"><b><a class=\"external-link\" href=\"https://sapl.adamantina.sp.leg.br/media/sapl/public/documentoacessorio/2024/2597/veto_01_-_emenda_02_-_pl_055.pdf\" target=\"_blank\" title=\"\">Veto Integral \u00e0 Emenda n\u00ba 02, ao Projeto de Lei n\u00ba 055, de 06/05/2024</a></b><span>, de autoria de todos os Vereadores, que \u201c</span><em>Disp\u00f5e sobre as Diretrizes Or\u00e7ament\u00e1rias para Elabora\u00e7\u00e3o e Execu\u00e7\u00e3o da Lei Or\u00e7ament\u00e1ria para o Exerc\u00edcio Financeiro de 2025 e d\u00e1 outras provid\u00eancias</em><em>\u201d</em><span>.\u00a0<strong>(REJEITADO)</strong></span></p>\r\n<p style=\"text-align: justify; \"><a class=\"external-link\" href=\"https://sapl.adamantina.sp.leg.br/media/sapl/public/materialegislativa/2024/15935/77a_projeto_de_lei_073_m_070_-_revoga_a_lei_4302_-_finisa.pdf\" target=\"_blank\" title=\"\"><b><span>Projeto de Lei n\u00ba 0</span></b><b><span>73/20</span></b><b><span>24</span></b></a> - PM \u2013 que \u201cDisp\u00f5e sobre a <b>revoga\u00e7\u00e3o</b> da Lei Municipal n.\u00ba 4.302, de 15 de dezembro de 2023, que autoriza o Poder Executivo a contratar opera\u00e7\u00f5es de cr\u00e9dito com a Caixa Econ\u00f4mica Federal, e d\u00e1 outras provid\u00eancias\u201d.\u00a0<strong>(APROVADO)</strong></p>\r\n<p style=\"text-align: justify; \">\u00a0</p>\r\n<p style=\"text-align: center; \"><b><span>EM SEGUNDA DISCUSS\u00c3O E REDA\u00c7\u00c3O FINAL</span></b></p>\r\n<p style=\"text-align: justify; \"><b><a class=\"external-link\" href=\"https://sapl.adamantina.sp.leg.br/media/sapl/public/materialegislativa/2024/15895/76a_projeto_de_lei_065_-_vereador_cid_santos.pdf\" target=\"_blank\" title=\"\">Projeto de Lei n\u00ba 065/2024</a></b><span> \u2013 Vereador Cid Jos\u00e9 Aparecido dos Santos \u2013 que \u201cEstabelece o direito da mulher, v\u00edtima de viol\u00eancia dom\u00e9stica e familiar e de seus dependentes, \u00e0 prioridade em matr\u00edcula ou rematr\u00edcula em institui\u00e7\u00f5es municipais de ensino, no \u00e2mbito do Munic\u00edpio de Adamantina.\u201d\u00a0<span>\u00a0</span><strong>(APROVADO POR UNANIMIDADE)</strong></span></p>\r\n<p style=\"text-align: justify; \">Ainda, foram apresentados\u00a0<strong>5 Requerimentos</strong>,\u00a0<strong>17 Indica\u00e7\u00f5es</strong> e <b>5 Mo\u00e7\u00f5es de Congratula\u00e7\u00f5es e Aplausos</b>.</p>\r\n<p>A reuni\u00e3o contou com a presen\u00e7a de todos os vereadores.</p>\r\n<p>Assista na \u00edntegra a sess\u00e3o em nosso Canal\u00a0 do <a class=\"external-link\" href=\"https://www.youtube.com/watch?v=cX8a1Kbay4E&amp;t=12s\" target=\"_blank\" title=\"\">Youtube</a>.</p>\r\n<p>A 79\u00aa Sess\u00e3o Ordin\u00e1ria acontecer\u00e1 dia 02 de setembro de 2024.</p>\r\n<p>Toda comunidade \u00e9 convidada a acompanhar as sess\u00f5es ao vivo pelo\u00a0<a class=\"external-link\" href=\"https://www.facebook.com/CamaraAdamantina\" target=\"_blank\" title=\"\">facebook</a>,\u00a0bem como pela\u00a0R\u00e1dio Cultura 99,3 FM, e nosso canal no\u00a0<a class=\"external-link\" href=\"https://youtube.com/@cmatransmissao\" target=\"_blank\" title=\"\">Youtube</a>.</p>", "author_name": "", "version": "1.0", "author_url": "https://www.adamantina.sp.leg.br/author/adm", "provider_name": "C\u00e2mara Municipal de Adamantina", "type": "rich"}