{"provider_url": "https://www.adamantina.sp.leg.br", "title": "Resumo 78\u00aa Sess\u00e3o Ordin\u00e1ria", "html": "<p style=\"text-align: justify; \">Ontem, 26, esta Casa realizou a \u00a078\u00aa Sess\u00e3o Ordin\u00e1ria.</p>\r\n<p style=\"text-align: justify; \"><span>Foram apresentadas 12 indica\u00e7\u00f5es,\u00a0</span><span>apreciados e votados 18 requerimentos solicitando recursos financeiros para o munic\u00edpio e informa\u00e7\u00f5es ao Prefeito Municipal.\u00a0Tamb\u00e9m foi apreciada e votada uma Mo\u00e7\u00e3o de Congratula\u00e7\u00f5es e Aplausos.</span></p>\r\n<p>Todos foram aprovados por unanimidade.</p>\r\n<p><span>A pr\u00f3xima Sess\u00e3o Ordin\u00e1ria ser\u00e1 realizada dia \u00b410 de outubro, com in\u00edcio as 20h, no Plen\u00e1rio Vereador Jos\u00e9 Ikeda, situado na Rua Osvaldo Cruz, 261 - t\u00e9rreo. Toda a comunidade \u00e9 convidada a acompanhar pessoalmente ou pelas Radios J\u00f3ia AM e Life.</span></p>", "author_name": "adt", "version": "1.0", "author_url": "https://www.adamantina.sp.leg.br/author/adt", "provider_name": "C\u00e2mara Municipal de Adamantina", "type": "rich"}