{"provider_url": "https://www.adamantina.sp.leg.br", "title": "Resumo 77\u00aa Sess\u00e3o Ordin\u00e1ria", "html": "<p style=\"text-align: justify; \">No \u00faltimo dia 06, (segunda-feira), esta Casa de Leis realizou a 77\u00aa Sess\u00e3o Ordin\u00e1ria desta Legislatura.</p>\r\n<p style=\"text-align: justify; \">Conforme <a class=\"external-link\" href=\"https://sapl.adamantina.sp.leg.br/media/sapl/public/materialegislativa/2020/11468/circular_027_77a_ordinaria.pdf\" target=\"_blank\" title=\"\">Circular n\u00ba 027/2020</a> foram apreciados e votados os projetos como segue:</p>\r\n<p style=\"text-align: center; \"><b><span>EM DISCUSS\u00c3O \u00daNICA</span></b></p>\r\n<p style=\"text-align: justify; \"><b><a class=\"external-link\" href=\"https://sapl.adamantina.sp.leg.br/media/sapl/public/materialegislativa/2020/11434/76a_ordinaria_-_pr_001_comissao_especial_de_estudos.pdf\" target=\"_blank\" title=\"\">Projeto de Resolu\u00e7\u00e3o n\u00ba 001/2020</a></b><span> \u2013 Vereadores Alcio Roberto Ikeda J\u00fanior, Ac\u00e1cio Rocha Perez Guerrero, Eder do Nascimento Ruete, H\u00e9lio Jos\u00e9 dos Santos e Paulo C\u00e9sar Cervelheira de Oliveira \u2013 \u201cCria a Comiss\u00e3o Especial de Estudos, visando reformar o Regimento Interno da C\u00e2mara Municipal de Adamantina\u201d.</span></p>\r\n<p style=\"text-align: justify; \">\u00a0</p>\r\n<p style=\"text-align: center; \"><b><span>EM SEGUNDA DISCUSS\u00c3O E REDA\u00c7\u00c3O FINAL</span></b></p>\r\n<p style=\"text-align: justify; \"><b><a class=\"external-link\" href=\"https://sapl.adamantina.sp.leg.br/media/sapl/public/materialegislativa/2020/11355/75a_ordinaria_-_pl_030_m_030.pdf\" target=\"_blank\" title=\"\">Projeto de Lei n\u00ba 030/2020</a></b><span> \u2013 PM \u2013 que \u201cDisp\u00f5e sobre as Diretrizes Or\u00e7ament\u00e1rias para Elabora\u00e7\u00e3o e Execu\u00e7\u00e3o da Lei Or\u00e7ament\u00e1ria para o exerc\u00edcio financeiro de 2021 e d\u00e1 outras provid\u00eancias\u201d. (o projeto recebeu emenda)</span></p>\r\n<p style=\"text-align: justify; \"><b><span><a class=\"external-link\" href=\"https://sapl.adamantina.sp.leg.br/media/sapl/public/materialegislativa/2020/11360/75a_ordinaria_-_pl_033_alcio_e_acacio.pdf\" target=\"_blank\" title=\"\">Projeto de Lei n\u00ba 033/2020</a></span></b> \u2013 Vereadores Alcio Roberto Ikeda J\u00fanior e Ac\u00e1cio Rocha Perez Guerrero \u2013 que \u201cAltera a reda\u00e7\u00e3o do artigo 6-A da Lei n\u00ba 3.369, de 14 de setembro de 2009, inclu\u00eddo pela Lei n\u00ba 3.846 de 26 de setembro de 2018, que disp\u00f5e sobre o dimensionamento das vias p\u00fablicas em novos loteamentos e d\u00e1 outras provid\u00eancias\u201d.</p>\r\n<p style=\"text-align: justify; \">TODOS OS PROJETOS FORAM APROVADOS POR UNANIMIDADE CONFORME AS RESPECTIVAS DISCUSS\u00d5ES.</p>\r\n<p style=\"text-align: justify; \">Ainda, foram apresentados\u00a0<strong>14 Requerimentos</strong>,\u00a0<strong>38 Indica\u00e7\u00f5es</strong> e\u00a0<strong>5 Mo\u00e7\u00f5es de Congratula\u00e7\u00f5es e Aplausos</strong>.</p>\r\n<p style=\"text-align: justify; \">A reuni\u00e3o contou com a presen\u00e7a de todos dos vereadores.</p>\r\n<p>Assista na \u00edntegra a sess\u00e3o que foi transmitida pela nossa\u00a0<a class=\"external-link\" href=\"https://www.facebook.com/CamaraAdamantina/videos/203912164267260/?eid=ARC6_cVe07Dgsvx6gR0ZZ1Oe7A5HMZ_bklyIfG3qxUh-zQTGTCUmq1kuacMU0HBTyW6glXlheg5ExWuX\" target=\"_self\" title=\"\">fanpage</a>.</p>\r\n<p>A pr\u00f3xima Sess\u00e3o Ordin\u00e1ria realizar-se-a no dia 03 de agosto.</p>\r\n<p>Recesso Legislativo ocorrer\u00e1 de 18 a 31 de julho.</p>\r\n<p>Toda comunidade \u00e9 convidada a acompanhar ao vivo pelo\u00a0<a class=\"external-link\" href=\"https://www.facebook.com/CamaraAdamantina\" target=\"_blank\" title=\"\">facebook</a>.</p>", "author_name": "", "version": "1.0", "author_url": "https://www.adamantina.sp.leg.br/author/adm", "provider_name": "C\u00e2mara Municipal de Adamantina", "type": "rich"}