{"provider_url": "https://www.adamantina.sp.leg.br", "title": "Resumo 76\u00aa Sess\u00e3o Ordin\u00e1ria", "html": "<p style=\"text-align: justify; \">No dia 15 de Julho, a C\u00e2mara Municipal de Adamantina realizou a 76\u00aa Sess\u00e3o Ordin\u00e1ria desta Legislatura.</p>\r\n<p style=\"text-align: justify; \">Conforme <a class=\"external-link\" href=\"https://sapl.adamantina.sp.leg.br/media/sapl/public/materialegislativa/2024/15879/circular_034_-_76a_ordinaria.pdf\" target=\"_blank\" title=\"\">Circular n\u00ba 034/24</a> foram apreciados e votados os projetos como segue:</p>\r\n<p style=\"text-align: justify; \"><b><span>EM DISCUSS\u00c3O \u00daNICA</span></b></p>\r\n<p style=\"text-align: justify; \"><a class=\"external-link\" href=\"https://sapl.adamantina.sp.leg.br/media/sapl/public/materialegislativa/2024/15845/75a_projeto_de_resolucao_-_defesa_da_vida_e_da_familia.pdf\" target=\"_blank\" title=\"\"><b>Projeto de </b><b>Resolu\u00e7\u00e3o n\u00ba 00</b><b>2/2024</b></a><span> \u2013 Vereadores Paulo C\u00e9sar Cervelheira de Oliveira e Alcio Roberto Ikeda J\u00fanior \u2013 que \u201c Cria a Frente Parlamentar em Defesa da Vida e da Fam\u00edlia, desde a concep\u00e7\u00e3o at\u00e9 a morte natural e que fortale\u00e7am a fam\u00edlia tradicional com base da sociedade e d\u00e1 outras provid\u00eancias.\u201d</span></p>\r\n<p style=\"text-align: justify; \"><a class=\"external-link\" href=\"https://sapl.adamantina.sp.leg.br/media/sapl/public/materialegislativa/2024/15841/75a_projeto_de_lei_061_-_cooperadam.pdf\" target=\"_blank\" title=\"\"><b><span>Projeto de Lei n\u00ba 06</span></b><b><span>1/20</span></b><b><span>24</span></b></a> - Vereadores Alcio Roberto Ikeda J\u00fanior, Paulo C\u00e9sar Cervelheira de Oliveira, Aguinaldo Pires Galv\u00e3o, Rafael Rodrigues Pacheco, Ant\u00f4nio Le\u00f4ncio da Silva, H\u00e9lio Jos\u00e9 dos Santos e Cid Jos\u00e9 Aparecido dos Santos \u2013 que \u201cDeclara de utilidade p\u00fablica a COOPERADAM \u2013 Cooperativa de Trabalho dos Catadores de Materiais Recicl\u00e1veis de Adamantina\u201d.</p>\r\n<p style=\"text-align: justify; \"><b><span><a class=\"external-link\" href=\"https://sapl.adamantina.sp.leg.br/media/sapl/public/materialegislativa/2024/15842/75a_projeto_de_lei_062_-_revoga_lei_4.317_altos_da_colina_ii.pdf\" target=\"_blank\" title=\"\">Projeto de Lei n\u00ba 062/2024</a></span></b> \u2013 Vereadores H\u00e9lio Jos\u00e9 dos Santos, Noriko Onishi Saito, Ricardo Soares Cangir\u00e3o, Cid Jos\u00e9 Aparecido dos Santos, Ant\u00f4nio Le\u00f4ncio da Silva e Rafael Rodrigues Pacheco \u2013 que \u201cDisp\u00f5e sobre a denomina\u00e7\u00e3o de logradouros p\u00fablicos do Residencial Altos da Colina II.\u201d</p>\r\n<p style=\"text-align: justify; \"><b><span><a class=\"external-link\" href=\"http://https://sapl.adamantina.sp.leg.br/media/sapl/public/materialegislativa/2024/15843/75a_projeto_de_lei_063_m_061_-_abertura_de_credito_especial_unifai_-_r_1.420.00000.pdf\" target=\"_blank\" title=\"\">Projeto de Lei n\u00ba 063/2024</a></span></b> \u2013 PM \u2013 que \u201cDisp\u00f5e sobre autoriza\u00e7\u00e3o para <i>abertura de cr\u00e9dito especial </i>ao Or\u00e7amento da Prefeitura do Munic\u00edpio de Adamantina no valor total de R$ 1.420.000,00 (um milh\u00e3o e quatrocentos e vinte mil reais), para conclus\u00e3o do projeto de adequa\u00e7\u00f5es necess\u00e1rias para aprova\u00e7\u00e3o do AVCB (Auto de Vistoria do Corpo de Bombeiros) na UNIFAI.\u201d</p>\r\n<p style=\"text-align: justify; \"><b><span><a class=\"external-link\" href=\"https://sapl.adamantina.sp.leg.br/media/sapl/public/materialegislativa/2024/15844/75a_projeto_de_lei_064_m_062_-_autoriza_repasse_clinica_rep_nosso_lar_-_emenda_dep_fernando_marangoni_r_150.00000.pdf\" target=\"_blank\" title=\"\">Projeto de Lei n\u00ba 064/2024</a></span></b> \u2013 PM \u2013 que \u201cDisp\u00f5e sobre autoriza\u00e7\u00e3o para a Prefeitura do Munic\u00edpio de Adamantina abrir cr\u00e9dito adicional suplementar e repassar \u00e0 Associa\u00e7\u00e3o de Repouso Nosso Lar de Adamantina recursos do governo federal no valor de R$ 150.000,00 e d\u00e1 outras provid\u00eancias.\u201d</p>\r\n<p style=\"text-align: justify; \">\u00a0</p>\r\n<p style=\"text-align: justify; \"><b><span>EM SEGUNDA DISCUSS\u00c3O E REDA\u00c7\u00c3O FINAL</span></b></p>\r\n<p style=\"text-align: justify; \"><b><a class=\"external-link\" href=\"https://sapl.adamantina.sp.leg.br/media/sapl/public/materialegislativa/2024/15763/73a_projeto_de_lei_055_m_048_-_diretrizes_orcamentarias_-_ldo_2025.pdf\" target=\"_blank\" title=\"\">Projeto de Lei n\u00ba 055/2024</a></b><span> \u2013 PM \u2013 que </span><i>\u201c</i><em>Disp\u00f5e sobre as Diretrizes Or\u00e7ament\u00e1rias para Elabora\u00e7\u00e3o e Execu\u00e7\u00e3o da Lei Or\u00e7ament\u00e1ria para o Exerc\u00edcio Financeiro de 2025 e d\u00e1 outras provid\u00eancias</em><span>.\u201d</span></p>\r\n<p><span>Os projetos foram aprovados.</span></p>\r\n<p>Ainda, foram apresentados <strong>13 Requerimentos</strong>, <strong>23 Indica\u00e7\u00f5es</strong> e <strong>1 Mo\u00e7\u00e3o de rep\u00fadio</strong>.</p>\r\n<p>A reuni\u00e3o contou com a presen\u00e7a de todos os vereadores.</p>\r\n<p>Assista na \u00edntegra a sess\u00e3o em nossa p\u00e1gina no\u00a0<a class=\"external-link\" href=\"https://www.facebook.com/CamaraAdamantina/videos/3866809660217152/\" target=\"_blank\" title=\"\">Facebook</a>.</p>\r\n<p>A 77\u00aa Sess\u00e3o Ordin\u00e1ria acontecer\u00e1 dia 05 de Agosto de 2024.</p>\r\n<p>Toda comunidade \u00e9 convidada a acompanhar as sess\u00f5es ao vivo pelo\u00a0<a class=\"external-link\" href=\"https://www.facebook.com/CamaraAdamantina\" target=\"_blank\" title=\"\">facebook</a>,\u00a0bem como pela\u00a0R\u00e1dio Cultura 99,3 FM, e nosso canal no\u00a0<a class=\"external-link\" href=\"https://youtube.com/@cmatransmissao\" target=\"_blank\" title=\"\">Youtube</a>.</p>", "author_name": "", "version": "1.0", "author_url": "https://www.adamantina.sp.leg.br/author/adm", "provider_name": "C\u00e2mara Municipal de Adamantina", "type": "rich"}