{"provider_url": "https://www.adamantina.sp.leg.br", "title": "Resumo 76\u00aa Sess\u00e3o Ordin\u00e1ria", "html": "<p style=\"text-align: justify; \">Ontem, esta casa de Leis realizou a 76\u00aa Sess\u00e3o Ordin\u00e1ria.</p>\r\n<p style=\"text-align: justify; \">Conforme <a class=\"external-link\" href=\"https://sapl.adamantina.sp.leg.br/media/sapl/public/materialegislativa/2020/11430/circular_024_76a_sessao_ordinaria.pdf\" target=\"_self\" title=\"\">Circular n\u00ba 024/20</a> foram apreciados e votados os projetos como segue:</p>\r\n<p style=\"text-align: center; \"><b><span>EM SEGUNDA DISCUSS\u00c3O E REDA\u00c7\u00c3O FINAL</span></b></p>\r\n<p style=\"text-align: justify; \"><b><a class=\"external-link\" href=\"https://sapl.adamantina.sp.leg.br/media/sapl/public/materialegislativa/2020/11339/74a_ordinaria_-_plc_009.pdf\" target=\"_self\" title=\"\">Projeto de Lei Complementar n\u00ba 009/2020</a></b><span> \u2013 Vereadores Ac\u00e1cio Rocha Perez Guerrero e Alcio Roberto Ikeda J\u00fanior \u2013 que \u201cAutoriza o Poder Executivo a suspender a contagem de prazos dos Termos de Concess\u00e3o de Direito Real de Uso de Im\u00f3veis concedidos nos par\u00e2metros dos artigos 173 e 174 da Lei Org\u00e2nica do Munic\u00edpio de Adamantina, da Lei Municipal n\u00ba 3.214, de 19 de dezembro de 2006 e da Lei Complementar n\u00ba 259, 05 de abril de 2016, alterada pela Lei Complementar n\u00ba 278, de 07 de junho de 2017 e pela Lei Complementar 355, de 10 de dezembro de 2019.\u201d\u00a0</span></p>\r\n<p style=\"text-align: justify; \">\u00a0</p>\r\n<p style=\"text-align: center; \"><b><span>EM PRIMEIRA DISCUSS\u00c3O</span></b></p>\r\n<p style=\"text-align: justify; \"><b><a class=\"external-link\" href=\"https://sapl.adamantina.sp.leg.br/media/sapl/public/materialegislativa/2020/11355/75a_ordinaria_-_pl_030_m_030.pdf\" target=\"_self\" title=\"\">Projeto de Lei n\u00ba 030/2020</a></b><span> \u2013 PM \u2013 que \u201cDisp\u00f5e sobre as Diretrizes Or\u00e7ament\u00e1rias para Elabora\u00e7\u00e3o e Execu\u00e7\u00e3o da Lei Or\u00e7ament\u00e1ria para o exerc\u00edcio financeiro de 2021 e d\u00e1 outras provid\u00eancias\u201d.</span></p>\r\n<p style=\"text-align: justify; \"><b><span><a class=\"external-link\" href=\"https://sapl.adamantina.sp.leg.br/media/sapl/public/materialegislativa/2020/11360/75a_ordinaria_-_pl_033_alcio_e_acacio.pdf\" target=\"_self\" title=\"\">Projeto de Lei n\u00ba 033/2020</a></span></b> \u2013 Vereadores Alcio Roberto Ikeda J\u00fanior e Ac\u00e1cio Rocha Perez Guerrero \u2013 que \u201cAltera a reda\u00e7\u00e3o do artigo 6-A da Lei n\u00ba 3.369, de 14 de setembro de 2009, inclu\u00eddo pela Lei n\u00ba 3.846 de 26 de setembro de 2018, que disp\u00f5e sobre o dimensionamento das vias p\u00fablicas em novos loteamentos e d\u00e1 outras provid\u00eancias\u201d.</p>\r\n<p style=\"text-align: justify; \">\u00a0TODOS OS PROJETOS FORAM APROVADOS POR UNANIMIDADE</p>\r\n<p style=\"text-align: justify; \">Ainda, foram apresentados\u00a0<strong>9 Requerimentos</strong>,\u00a0<strong>19 Indica\u00e7\u00f5es</strong> e\u00a0<strong>2 Mo\u00e7\u00f5es de Congratula\u00e7\u00f5es e Aplausos</strong>.</p>\r\n<p style=\"text-align: justify; \">A reuni\u00e3o contou com a presen\u00e7a de todos os vereadores.</p>\r\n<p>Assista na \u00edntegra a sess\u00e3o que foi transmitida pela nossa <a class=\"external-link\" href=\"https://www.facebook.com/CamaraAdamantina/videos/1570395263127592/\" target=\"_self\" title=\"\">fanpage</a>.</p>\r\n<p>A pr\u00f3xima Sess\u00e3o Ordin\u00e1ria realizar-se-a no dia 06 de julho.\u00a0</p>\r\n<p>Toda comunidade \u00e9 convidada a acompanhar ao vivo pelo <a class=\"external-link\" href=\"https://www.facebook.com/CamaraAdamantina\" target=\"_self\" title=\"\">facebook</a>.</p>\r\n<p style=\"text-align: justify; \">\u00a0</p>", "author_name": "", "version": "1.0", "author_url": "https://www.adamantina.sp.leg.br/author/adm", "provider_name": "C\u00e2mara Municipal de Adamantina", "type": "rich"}