{"provider_url": "https://www.adamantina.sp.leg.br", "title": "Resumo 76\u00aa Sess\u00e3o Ordin\u00e1ria", "html": "<p style=\"text-align: justify; \">No \u00faltimo dia 15 deste m\u00eas, esta Casa de Leis realizou a \u00a076\u00aa Sess\u00e3o Ordin\u00e1ria.\u00a0<span>foram apreciados e votados 23 requerimentos, em sua maioria solicitando recursos financeiros ao munic\u00edpio, 24 indica\u00e7\u00f5es, solicitando ao Executivo melhorias em diversos setores da cidade e 3 Mo\u00e7\u00e3o de Congratula\u00e7\u00f5es e Aplausos.</span></p>\r\n<p class=\" \" style=\"text-align: justify; \">Conforme Circular n\u00ba 033/16, foram apreciados e votados os projetos abaixo:<b>EM DISCUSS\u00c3O \u00daNICA</b>, o\u00a0<b>Projeto de Decreto Legislativo n\u00ba 002//16</b>,<span>\u00a0de autoria da Vereadora Maria de Lourdes Santos Gil, que \u201cConcede ao Ilustr\u00edssimo Senhor Elp\u00eddio Sgobbi o T\u00edtulo de Cidad\u00e3o Adamantinense. Foi aprovado por unanimidade.\u00a0</span><b>EM SEGUNDA DISCUSS\u00c3O E REDA\u00c7\u00c3O FINAL</b>,\u00a0<b>Projeto de Lei n\u00ba 016/16</b><span>\u00a0de autoria do Vereador H\u00e9lio Jos\u00e9 dos Santos, que disp\u00f5e sobre a denomina\u00e7\u00e3o da quadra coberta da Escola Municipal de Ensino Fundamental Navarro de Andrade de Prof\u00aa. Clara Luzia Gon\u00e7alves Martins;\u00a0</span><b>Projeto de Lei n\u00ba 017/16</b>, de autoria do\u00a0<span>\u00a0Vereador H\u00e9lio Jos\u00e9 dos Santos, que disp\u00f5e sobre a denomina\u00e7\u00e3o do Posto de Sa\u00fade da Vila Jardim de \u2018Dr. C\u00e9lio de Azevedo Figueiredo e\u00a0</span><b>Projeto de Lei n\u00ba 028/16</b>, de autoria do Prefeito Municipal,\u00a0<span>que disp\u00f5e sobre denomina\u00e7\u00e3o do Anfiteatro da Biblioteca P\u00fablica Municipal de Fernando Paloni. Ambos aprovados por unanimidade. E por fim,\u00a0</span><b>EM PRIMEIRA DISCUSS\u00c3O</b>, o\u00a0<b>Projeto de Lei Complementar n\u00ba 354/16</b><span>\u00a0<span>, de autoria do Prefeito Municipal,\u00a0</span><span>que </span>ltera dispositivos da Lei n\u00ba 2.449/92, que \u2018Institui o C\u00f3digo de Posturas Municipais\u2019 e d\u00e1 outras provid\u00eancias com rela\u00e7\u00e3o ao </span><b>hor\u00e1rio dos supermercados</b>.\u00a0<span>Referido projeto foi aprovado, tendo apenas um voto contr\u00e1rio.</span></p>\r\n<p class=\" \" style=\"text-align: justify; \"><span><span>A pr\u00f3xima Sess\u00e3o Ordin\u00e1ria, ser\u00e1 realizada dia 05 de setembro, \u00e0s 20h.\u00a0</span><span>Toda a comunidade \u00e9 convidada a acompanhar pessoalmente ou pela Radio J\u00f3ia AM,\u00a0</span><span>no Plen\u00e1rio Vereador Jos\u00e9 Ikeda\u00a0situado na Rua Osvaldo Cruz, 261 - t\u00e9rreo.</span><span>\u00a0</span></span></p>", "author_name": "adt", "version": "1.0", "author_url": "https://www.adamantina.sp.leg.br/author/adt", "provider_name": "C\u00e2mara Municipal de Adamantina", "type": "rich"}