{"provider_url": "https://www.adamantina.sp.leg.br", "title": "Resumo 75\u00aa Sess\u00e3o Ordin\u00e1ria", "html": "<p style=\"text-align: justify; \">Na \u00faltima segunda-feira, 01, a C\u00e2mara Municipal de Adamantina realizou a 75\u00aa Sess\u00e3o Ordin\u00e1ria desta Legislatura.</p>\r\n<p style=\"text-align: justify; \">Conforme <a class=\"external-link\" href=\"https://sapl.adamantina.sp.leg.br/media/sapl/public/materialegislativa/2024/15839/circular_032_-_75a_ordinaria.pdf\" target=\"_blank\" title=\"\">Circular n\u00ba 032/2024</a> foram apreciados e votados os projetos como segue:</p>\r\n<p style=\"text-align: center; \"><b><span>EM DISCUSS\u00c3O \u00daNICA</span></b><span>\u00a0</span></p>\r\n<p style=\"text-align: justify; \"><b><span><a class=\"external-link\" href=\"https://sapl.adamantina.sp.leg.br/media/sapl/public/materialegislativa/2024/15804/projeto_de_decreto_legislativo_006_-_titulo_helio_malheiros.docx.pdf\" target=\"_blank\" title=\"\">Projeto de Decreto Legislativo n\u00ba 006/2024</a></span></b> \u2013 Vereadores Ricardo Soares Cangir\u00e3o, Noriko Onishi Saito e H\u00e9lio Jos\u00e9 dos Santos \u2013 que \u201cConcede ao Ilustr\u00edssimo Senhor H\u00e9lio Vieira Malheiros o T\u00edtulo de Cidad\u00e3o Adamantinense.\u201d\u00a0<strong>(APROVADO)</strong></p>\r\n<p style=\"text-align: center; \"><b>EM PRIMEIRA DISCUSS\u00c3O</b><span>\u00a0</span></p>\r\n<p style=\"text-align: justify; \"><b><span><a class=\"external-link\" href=\"https://sapl.adamantina.sp.leg.br/media/sapl/public/materialegislativa/2024/15802/74a_projeto_de_lei_complementar_009_m_060_-_dispoe_sobre_autorizacao_para_a_doacao_de_area_que_especifica_-_vanilde_adeir_botasso.pdf\" target=\"_blank\" title=\"\">Projeto de Lei Complementar n\u00ba 009/2024</a></span></b> \u2013 PM \u2013 que \u201cDisp\u00f5e sobre autoriza\u00e7\u00e3o para o Chefe do Poder Executivo alienar, por doa\u00e7\u00e3o, \u00e0 empresa VANILDE ADEIR BOTTASSO LANGUER o im\u00f3vel que espec\u00edfica.\u201d\u00a0<strong>(RETIRADO PARA MELHORES ESTUDOS)</strong></p>\r\n<p style=\"text-align: center; \"><b>EM SEGUNDA DISCUSS\u00c3O E REDA\u00c7\u00c3O FINAL</b><span>\u00a0</span></p>\r\n<p style=\"text-align: justify; \"><b><span><a class=\"external-link\" href=\"https://sapl.adamantina.sp.leg.br/media/sapl/public/materialegislativa/2024/15768/projeto_de_lei_060_-_infancia_sem_pornografia.pdf\" target=\"_blank\" title=\"\">Projeto de Lei n\u00ba 060/2024</a></span></b> \u2013 Vereadores Cid Jos\u00e9 Aparecido dos Santos, H\u00e9lio Jos\u00e9 dos Santos, Ricardo Soares Cangir\u00e3o e Alcio Roberto Ikeda J\u00fanior \u2013 que \u201cDisp\u00f5e sobre inf\u00e2ncia sem pornografia.\u201d\u00a0<strong>(APROV ADO POR UNANIMIDADE)</strong></p>\r\n<p style=\"text-align: justify; \">Ainda, foram apresentados\u00a0<strong>7 Requerimentos</strong>,\u00a0<strong>23 Indica\u00e7\u00f5es</strong>,\u00a0<strong>2 Mo\u00e7\u00f5es de Congratula\u00e7\u00f5es e Aplausos\u00a0</strong>e\u00a0<strong>1 Mo\u00e7\u00e3o de Apoio</strong>.</p>\r\n<p>A reuni\u00e3o contou com a presen\u00e7a de todos os vereadores.</p>\r\n<p>Assista na \u00edntegra a sess\u00e3o em nossa p\u00e1gina no\u00a0<a class=\"external-link\" href=\"https://www.facebook.com/CamaraAdamantina/videos/876375167652600/\" target=\"_blank\" title=\"\">Facebook</a>.</p>\r\n<p>A 76\u00aa Sess\u00e3o Ordin\u00e1ria acontecer\u00e1 dia 15 de julho de 2024.</p>\r\n<p>Toda comunidade \u00e9 convidada a acompanhar as sess\u00f5es ao vivo pelo\u00a0<a class=\"external-link\" href=\"https://www.facebook.com/CamaraAdamantina\" target=\"_blank\" title=\"\">facebook</a>,\u00a0bem como pela\u00a0R\u00e1dio Cultura 99,3 FM, e nosso canal no\u00a0<a class=\"external-link\" href=\"https://youtube.com/@cmatransmissao\" target=\"_blank\" title=\"\">Youtube</a>.</p>", "author_name": "", "version": "1.0", "author_url": "https://www.adamantina.sp.leg.br/author/adm", "provider_name": "C\u00e2mara Municipal de Adamantina", "type": "rich"}