{"provider_url": "https://www.adamantina.sp.leg.br", "title": "Resumo 75\u00aa Sess\u00e3o Ordin\u00e1ria", "html": "<p style=\"text-align: justify; \">Ontem, esta Casa de Leis realizou a 75\u00aa Sess\u00e3o Ordin\u00e1ria.</p>\r\n<p style=\"text-align: justify; \">Foram apresentados\u00a0<strong> 8 Requerimentos</strong>,<strong> 32 Indica\u00e7\u00f5es</strong> e\u00a0<strong>1 Mo\u00e7\u00e3o de Congratula\u00e7\u00f5es e Apalusos</strong>.</p>\r\n<p style=\"text-align: justify; \">Na Ordem do Dia, conforme <a class=\"external-link\" href=\"https://sapl.adamantina.sp.leg.br/media/sapl/public/materialegislativa/2020/11352/circular_021_75a_ordinaria.pdf\" target=\"_blank\" title=\"\">Circular n\u00ba 021/20</a>, foram\u00a0<span>apreciados e votados:</span></p>\r\n<p style=\"text-align: center; \"><b><span>EM DISCUSS\u00c3O \u00daNICA</span></b></p>\r\n<p style=\"text-align: justify; \"><b><span><a class=\"external-link\" href=\"https://sapl.adamantina.sp.leg.br/media/sapl/public/materialegislativa/2020/11356/veto_01.2020.pdf\" target=\"_blank\" title=\"\">VETO N\u00ba 01/2020</a></span></b> \u2013 PM \u2013 Veto integral ao Projeto de Lei n\u00ba 022/2020, de autoria dos Vereadores Alcio Roberto Ikeda J\u00fanior, Ac\u00e1cio Rocha Perez Guerrero, Eder do Nascimento Ruete, Paulo C\u00e9sar Cervelheira de Oliveira, Jo\u00e3o Davoli e H\u00e9lio Jos\u00e9 dos Santos que \u201cdisp\u00f5e sobre a redu\u00e7\u00e3o, a prorroga\u00e7\u00e3o e o parcelamento tempor\u00e1rio dos valores das mensalidades da UNIFAI em decorr\u00eancia da pandemia do COVID-19 e d\u00e1 outras provid\u00eancias.\u201d</p>\r\n<p style=\"text-align: justify; \"><strong>O Veto foi rejeitado, 5 votaram pela rejei\u00e7\u00e3o do veto, e 3 pela manuten\u00e7\u00e3o do mesmo.</strong></p>\r\n<p style=\"text-align: center; \"><b><span>EM PRIMEIRA DISCUSS\u00c3O</span></b></p>\r\n<p style=\"text-align: justify; \"><b><span><a class=\"external-link\" href=\"https://sapl.adamantina.sp.leg.br/media/sapl/public/materialegislativa/2020/11339/73a_ordinaria_-_pl_025_-_m_025.pdf\" target=\"_blank\" title=\"\">Projeto de Lei Complementar n\u00ba 009/2020</a></span></b> \u2013 Vereadores Ac\u00e1cio Rocha Perez Guerrero e Alcio Roberto Ikeda J\u00fanior \u2013 que \u201cAutoriza o Poder Executivo a suspender a contagem de prazos dos Termos de Concess\u00e3o de Direito Real de Uso de Im\u00f3veis concedidos nos par\u00e2metros dos artigos 173 e 174 da Lei Org\u00e2nica do Munic\u00edpio de Adamantina, da Lei Municipal n\u00ba 3.214, de 19 de dezembro de 2006 e da Lei Complementar n\u00ba 259, 05 de abril de 2016, alterada pela Lei Complementar n\u00ba 278, de 07 de junho de 2017 e pela Lei Complementar 355, de 10 de dezembro de 2019.\u201d O mesmo recebeu <a class=\"external-link\" href=\"https://sapl.adamantina.sp.leg.br/media/sapl/public/materialegislativa/2020/11357/emenda_modificativa_008_-_plc_009.pdf\" target=\"_blank\" title=\"\">Emenda Modificativa n\u00ba 008/20</a>, colocada em vota\u00e7\u00e3o, foi aprovada.</p>\r\n<p style=\"text-align: justify; \"><strong>O projeto acima foi aprovado por unanimidade.</strong></p>\r\n<p style=\"text-align: justify; \">A reuni\u00e3o contou com a presen\u00e7a de todos os vereadores.</p>\r\n<p style=\"text-align: justify; \">Assista na \u00edntegra a sess\u00e3o que foi transmitida pela nossa <a class=\"external-link\" href=\"http://https://www.facebook.com/CamaraAdamantina/videos/2628019730782228/\" target=\"_blank\" title=\"\">fanpage</a>.</p>\r\n<p style=\"text-align: justify; \">A pr\u00f3xima Sess\u00e3o Ordin\u00e1ria realizar-se-a no dia 15 de junho.\u00a0</p>\r\n<p style=\"text-align: justify; \">Toda comunidade \u00e9 convidada a acompanhar ao vivo pelo facebook.</p>", "author_name": "", "version": "1.0", "author_url": "https://www.adamantina.sp.leg.br/author/adm", "provider_name": "C\u00e2mara Municipal de Adamantina", "type": "rich"}