{"provider_url": "https://www.adamantina.sp.leg.br", "title": "Resumo 75\u00aa Sess\u00e3o Ordin\u00e1ria", "html": "<p style=\"text-align: justify; \">No dia 1\u00ba de agosto, a C\u00e2mara Municipal de Adamantina realizou a 75\u00aa Sess\u00e3o Ordin\u00e1ria. Foi apreciado e votado o \u00a0<b>Projeto de Lei n\u00ba 028//16</b>, de autoria do Exexuxtivo,<span>\u00a0que disp\u00f5e sobre denomina\u00e7\u00e3o do Anfiteatro da Biblioteca P\u00fablica Municipal. (Fernando Paloni). O projeto foi aprovado em\u00a0<strong>Primeira Discuss\u00e3o</strong>.</span></p>\r\n<p style=\"text-align: justify; \">Tamb\u00e9m foram apreciados e votados, <strong>23</strong><span><strong>\u00a0requerimentos</strong>, em sua maioria solicitando recursos financeiros ao munic\u00edpio,\u00a0<strong>25 indica\u00e7\u00f5es</strong>, solicitando ao Executivo melhorias em diversos setores da cidade e <strong>3\u00a0Mo\u00e7\u00f5es de Congratula\u00e7\u00f5es e Aplausos</strong>.</span></p>\r\n<p style=\"text-align: justify; \"><span>A pr\u00f3xima Sess\u00e3o Ordin\u00e1ria, ser\u00e1 realizada dia 15 de agosto, \u00e0s 20h.\u00a0</span><span>Toda a comunidade \u00e9 convidada a acompanhar pessoalmente ou pela Radio J\u00f3ia AM,\u00a0</span><span>no Plen\u00e1rio Vereador Jos\u00e9 Ikeda\u00a0situado na Rua Osvaldo Cruz, 261 - t\u00e9rreo.</span><span>\u00a0</span></p>\r\n<p style=\"text-align: justify; \"><span><br /></span></p>", "author_name": "adt", "version": "1.0", "author_url": "https://www.adamantina.sp.leg.br/author/adt", "provider_name": "C\u00e2mara Municipal de Adamantina", "type": "rich"}