{"provider_url": "https://www.adamantina.sp.leg.br", "title": "Resumo 74\u00aa Sess\u00e3o Ordin\u00e1ria", "html": "<p style=\"text-align: justify; \">No dia 17 de junho, esta C\u00e2mara Municipal realizou a 74\u00aa Sess\u00e3o Ordin\u00e1ria desta Legislatura.</p>\r\n<p style=\"text-align: justify; \">Conforme <a class=\"external-link\" href=\"https://sapl.adamantina.sp.leg.br/media/sapl/public/materialegislativa/2024/15805/circular_030_-_74a_sessao_ordinaria.pdf\" target=\"_blank\" title=\"\">Circular n\u00ba 030/24</a>, foram apreciados e votados:</p>\r\n<p style=\"text-align: justify; \">\u00a0</p>\r\n<p style=\"text-align: center; \">\u00a0<b style=\"text-align: center; \">EM PRIMEIRA DISCUSS\u00c3O</b></p>\r\n<p style=\"text-align: justify; \"><a class=\"external-link\" href=\"https://sapl.adamantina.sp.leg.br/media/sapl/public/materialegislativa/2024/15763/73a_projeto_de_lei_055_m_048_-_diretrizes_orcamentarias_-_ldo_2025.pdf\" target=\"_blank\" title=\"\"><b>Projeto de Lei n\u00ba 0</b><b>55/2024</b></a><span> \u2013 PM \u2013 que </span><i>\u201c</i><em>Disp\u00f5e sobre as Diretrizes Or\u00e7ament\u00e1rias para Elabora\u00e7\u00e3o e Execu\u00e7\u00e3o da Lei Or\u00e7ament\u00e1ria para o Exerc\u00edcio Financeiro de 2025 e d\u00e1 outras provid\u00eancias</em><span>.\u201d</span></p>\r\n<p style=\"text-align: justify; \"><a class=\"external-link\" href=\"https://sapl.adamantina.sp.leg.br/media/sapl/public/materialegislativa/2024/15768/projeto_de_lei_060_-_infancia_sem_pornografia.pdf\" target=\"_blank\" title=\"\"><b><span>Projeto de Lei n\u00ba 0</span></b><b><span>60/2024</span></b></a> \u2013 Vereadores Cid Jos\u00e9 Aparecido dos Santos, H\u00e9lio Jos\u00e9 dos Santos, Ricardo Soares Cangir\u00e3o e Alcio Roberto Ikeda J\u00fanior \u2013 que \u201c Disp\u00f5e sobre inf\u00e2ncia sem pornografia.\u201d</p>\r\n<p style=\"text-align: center; \">\u00a0</p>\r\n<p style=\"text-align: center; \"><b style=\"text-align: center; \">EM SEGUNDA DISCUSS\u00c3O E REDA\u00c7\u00c3O FINAL</b></p>\r\n<p style=\"text-align: justify; \"><b><a class=\"external-link\" href=\"https://sapl.adamantina.sp.leg.br/media/sapl/public/materialegislativa/2024/15745/72a_projeto_de_lei_complementar_008_m_054_-__altera_a_lei_complementar_n._274_-_cargos_encarregado_unifai.pdf\" target=\"_blank\" title=\"\">Projeto de Lei Complementar n\u00ba 008/2024</a></b><span> \u2013 PM \u2013 que \u201cAltera a Lei Complementar n. 274, de 25 de maio de 2017 e d\u00e1 outras provid\u00eancias, que disp\u00f5e sobre o Estatuto, a Estrutura Administrativa e Acad\u00eamica e organiza o Quadro de Pessoal do Centro Universit\u00e1rio de Adamantina - FAI.\u201d</span></p>\r\n<p style=\"text-align: justify; \"><span>Ainda, foram apresentados<strong> 6 Requerimentos</strong>,\u00a0<strong>24 Indica\u00e7\u00f5es</strong> e\u00a0<strong>2 Mo\u00e7\u00f5es de Congratula\u00e7\u00f5es e Aplausos</strong>.</span></p>\r\n<p>A reuni\u00e3o contou com a presen\u00e7a de todos os vereadores.</p>\r\n<p>Assista na \u00edntegra a sess\u00e3o em nossa p\u00e1gina no\u00a0<a class=\"external-link\" href=\"https://www.facebook.com/CamaraAdamantina/videos/7640961059358338/\" target=\"_blank\" title=\"\">Facebook</a>.</p>\r\n<p>Toda comunidade \u00e9 convidada a acompanhar as sess\u00f5es ao vivo pelo\u00a0<a class=\"external-link\" href=\"https://www.facebook.com/CamaraAdamantina\" target=\"_blank\" title=\"\">facebook</a>,\u00a0bem como pela\u00a0R\u00e1dio Cultura 99,3 FM, e nosso canal no\u00a0<a class=\"external-link\" href=\"https://youtube.com/@cmatransmissao\" target=\"_blank\" title=\"\">Youtube</a>.</p>", "author_name": "", "version": "1.0", "author_url": "https://www.adamantina.sp.leg.br/author/adm", "provider_name": "C\u00e2mara Municipal de Adamantina", "type": "rich"}