{"provider_url": "https://www.adamantina.sp.leg.br", "title": "Resumo  74\u00aa Sess\u00e3o Ordin\u00e1ria", "html": "<p style=\"text-align: justify; \">Ontem, 18, esta Casa de Leis realizou a 74\u00aa Sess\u00e3o Ordin\u00e1ria.\u00a0</p>\r\n<p style=\"text-align: justify; \">Conforme Circular n\u00ba 018/20, foi apresentado,\u00a0<b>EM DISCUSS\u00c3O \u00daNICA</b>, o\u00a0<b><a class=\"external-link\" href=\"https://sapl.adamantina.sp.leg.br/materia/11293\" target=\"_blank\" title=\"\">Projeto de Lei n\u00ba 025/2020</a></b>,\u00a0<span>de autoria do Prefeito do Munic\u00edpio, que \u201cDisp\u00f5e sobre autoriza\u00e7\u00e3o para que a Prefeitura do Munic\u00edpio de Adamantina possa arcar com as despesas de \u00e1gua, esgoto e energia el\u00e9trica dos centros comunit\u00e1rios instalados no munic\u00edpio durante o per\u00edodo de quarentena, em raz\u00e3o do Covid-19 e d\u00e1 outras provid\u00eancias. O projeto foi aprovado por unanimidade.</span></p>\r\n<p style=\"text-align: justify; \"><span>Ainda, foram apreciados e votados\u00a0<strong>9 Requerimentos</strong>,\u00a0<strong>23 Indica\u00e7\u00f5es</strong> e\u00a0<strong>3 Mo\u00e7\u00f5es de Congratula\u00e7\u00f5es de Aplausos</strong>.</span></p>\r\n<p style=\"text-align: justify; \">A reuni\u00e3o contou com a presen\u00e7a de todos os vereadores.</p>\r\n<p>Assista na \u00edntegra a 74\u00aa Sess\u00e3o Ordin\u00e1ria que foi transmitida em nossa\u00a0<a class=\"external-link\" href=\"https://www.facebook.com/CamaraAdamantina/videos/551185088924254/?__tn__=kC-R&amp;eid=ARAL2Av2nmIdP7a7uiIv6LKd5EoLl2UIqKv_9P4Am89ON9R6Q5BZP4m2ml3Iugx3aYrDr6vm-XbB-Wmq&amp;hc_ref=ARQ_SdVzIhXGXk2LVsOxh3GqeLNJ-n9TbjLCvmwMjV2ZvnQZWlDOZ7ThB_nQVT6-mOc&amp;__xts__[0]=68.ARC0upfuhlPHV0D89xOD2-EzSzeQBxMCVZlC3cnqpQps4OaZwdwmeAMdiAQo3og_3v2y44pfSKWzSyJwIZ0FftvRL5lWRnHy1OS0ct4K4OYNYhKvgc7f8oLSweIRWg2qXWGsjnZfA_aXBJ33W1baqESfi6Vsx2mJ0-pWxlNxZqx2Cn6oTtcXIxMI-WBQUnge3Pj_8TKn2ddhhUAR70Q5kyehZqOYz_3vLvhdF3yUCAtR8VJGVT_oCgqDU2bPhGcXP832M9jXiUgOgq9db6HDHP86pbadg53FHbNx_-Dnc4KPSqs9VSK00xxIS4yK9ItIi2AtqwVLqlvIjEkEwtfhQRp8QCW_4tYLpfA\" target=\"_blank\" title=\"\">fanpage</a>.</p>\r\n<p><span>A pr\u00f3xima Sess\u00e3o Ordin\u00e1ria, 75\u00aa, ser\u00e1 realizada dia 1\u00ba de junho. Toda comunidade \u00e9 convidada a acompanhar ao vivo pelo\u00a0</span><a class=\"external-link\" href=\"https://www.facebook.com/CamaraAdamantina\" target=\"_blank\" title=\"\">Facebook</a><span>, ou pela R\u00e1dio Brasil FM.</span></p>", "author_name": "", "version": "1.0", "author_url": "https://www.adamantina.sp.leg.br/author/adm", "provider_name": "C\u00e2mara Municipal de Adamantina", "type": "rich"}