{"provider_url": "https://www.adamantina.sp.leg.br", "title": "Resumo 73\u00aa Sess\u00e3o Ordin\u00e1ria", "html": "<p style=\"text-align: justify; \">No \u00faltimo dia 20<span>\u00a0foi realizada a 73\u00aa Sess\u00e3o Ordin\u00e1ria.\u00a0</span><span>Foram apreciados e votados 21 Requerimentos, 23 Indica\u00e7\u00f5es e 1 Mo\u00e7\u00e3o de Congratula\u00e7\u00f5es e Aplausos.</span></p>\r\n<p style=\"text-align: justify; \">Tamb\u00e9m foram apreciados os Projetos abaixo conforme circular n\u00ba 027/16:\u00a0<b>EM SEGUNDA DISCUSS\u00c3O E REDA\u00c7\u00c3O FINAL -\u00a0</b><b>Projeto de Lei Complementar n\u00ba 351/16</b>, de autoria da Mesa da C\u00e2mara,<span>\u00a0que disp\u00f5e sobre altera\u00e7\u00e3o no Anexo I \u2013 Quadro de Pessoal - da Lei n\u00ba 2.714, de 16/05/1997, a qual estabelece a composi\u00e7\u00e3o da Estrutura Administrativa da C\u00e2mara Municipal de Adamantina.\u00a0</span><b>EM DISCUSS\u00c3O \u00daNICA</b>:\u00a0<b>Projeto de Lei n\u00ba 024/16</b>, de autoria dos<span>\u00a0Vereadores Maria de Lourdes Santos Gil e Aguinaldo Pires Galv\u00e3o, que disp\u00f5e sobre a denomina\u00e7\u00e3o de logradouro p\u00fablico do Residencial It\u00e1lia e d\u00e1 outras provid\u00eancias e P</span><b>rojeto de Lei n\u00ba 025/16</b>, de autoria dos\u00a0<span>Vereadores Maria de Lourdes Santos Gil e Aguinaldo Pires Galv\u00e3o, que disp\u00f5e sobre a denomina\u00e7\u00e3o de logradouro p\u00fablico do Residencial It\u00e1lia II e d\u00e1 outras provid\u00eancias.\u00a0</span><b>EM PRIMEIRA DISCUSS\u00c3O</b>:\u00a0<b>Projeto de Lei Complementar n\u00ba 352/16</b>, de autoria do Executivo,\u00a0<span>que disp\u00f5e sobre a altera\u00e7\u00e3o da Lei n\u00ba 2.328/90 e\u00a0</span><b>Projeto de Lei n\u00ba 023/16<span>, de autoria do Executivo,\u00a0</span></b><span>que disp\u00f5e sobre as Diretrizes Or\u00e7ament\u00e1rias para Elabora\u00e7\u00e3o e Execu\u00e7\u00e3o da Lei Or\u00e7ament\u00e1ria para o exerc\u00edcio financeiro de 2017. Este \u00faltimo projeto foi RETIRADO PARA MELHORES ESTUDOS, os demais foram APROVADOS POR UNANIMIDADE.</span></p>\r\n<p style=\"text-align: justify; \"><span><span>A pr\u00f3xima Sess\u00e3o Ordin\u00e1ria, ser\u00e1 realizada dia 04 de julho, \u00e0s 20h.\u00a0</span><span>Toda a comunidade \u00e9 convidada a acompanhar pessoalmente ou pela Radio J\u00f3ia AM,\u00a0</span><span>no Plen\u00e1rio Vereador Jos\u00e9 Ikeda\u00a0situado na Rua Osvaldo Cruz, 261 - t\u00e9rreo.</span><span>\u00a0</span></span></p>", "author_name": "adt", "version": "1.0", "author_url": "https://www.adamantina.sp.leg.br/author/adt", "provider_name": "C\u00e2mara Municipal de Adamantina", "type": "rich"}