{"provider_url": "https://www.adamantina.sp.leg.br", "title": "Resumo 72\u00aa Sess\u00e3o Ordin\u00e1ria", "html": "<p align=\"justify\" style=\"text-align: justify; \">Dia 06 de junho, os vereadores estiveram reunidos no Plen\u00e1rio Vereador Jos\u00e9 Ikeda para a realiza\u00e7\u00e3o da 72\u00aa Sess\u00e3o Ordin\u00e1ria desta Legislatura.</p>\r\n<p align=\"justify\" style=\"text-align: justify; \">Foram apresentados 16 Requerimentos, na sua maioria solicitando recursos financeiros ao nosso munic\u00edpio. Foram lidos e despachados ao senhor prefeito 21 Indica\u00e7\u00f5es solicitando provid\u00eancias em favor de nossa comunidade e tamb\u00e9m foi feita uma Mo\u00e7\u00e3o de Congratula\u00e7\u00f5es e Aplausos.</p>\r\n<p align=\"justify\" style=\"text-align: justify; \">Ainda foram apreciados e votados os projetos:</p>\r\n<p style=\"text-align: justify; \"><b><span>EM DISCUSS\u00c3O \u00daNICA</span></b></p>\r\n<p style=\"text-align: justify; \">\u00a0</p>\r\n<ul>\r\n<li><b>Projeto de Resolu\u00e7\u00e3o n\u00ba 002/16</b><span> \u2013 Vereadora Noriko Onishi Saito \u2013 que \u201cDisp\u00f5e sobre a institui\u00e7\u00e3o do Programa \u201cA Escola na C\u00e2mara\u201d no munic\u00edpio de Adamantina e d\u00e1 outras provid\u00eancias.\u201d</span></li>\r\n<li><b>Projeto de Lei n\u00ba 021/16</b><span> \u2013 Vereadora Maria de Lourdes Santos Gil \u2013 que \u201cDisp\u00f5e sobre a redenomina\u00e7\u00e3o de logradouros p\u00fablicos.\u201d</span></li>\r\n<li><b>Projeto de Lei n\u00ba 022/16</b><span> \u2013 PM \u2013 que \u201cDisp\u00f5e sobre autoriza\u00e7\u00e3o para abertura de cr\u00e9dito adicional especial ao or\u00e7amento da Prefeitura do Munic\u00edpio de Adamantina e d\u00e1 outras provid\u00eancias.\u201d</span></li>\r\n</ul>\r\n<p>\u00a0</p>\r\n<p style=\"text-align: justify; \"><b>EM SEGUNDA DISCUSS\u00c3O E REDA\u00c7\u00c3O FINAL</b></p>\r\n<ul>\r\n<li><b>Projeto de Lei n\u00ba 019/16</b><span> \u2013 PM \u2013 que \u201cDisp\u00f5e sobre a Campanha \u2018Adote o Verde\u2019 e d\u00e1 outras provid\u00eancias.\u201d</span></li>\r\n<li><b>Projeto de Lei n\u00ba 020/16</b><span> \u2013 Vereadora Noriko Onishi Saito \u2013 que \u201cDisp\u00f5e sobre a denomina\u00e7\u00e3o das Estradas Municipais ADMs 325, 328, 336, 337, 343 e 355.\u201d</span></li>\r\n</ul>\r\n<p style=\"text-align: justify; \"><b>EM PRIMEIRA DISCUSS\u00c3O</b></p>\r\n<ul>\r\n<li><b>Projeto de Lei Complementar n\u00ba 351/16</b><span> \u2013 Mesa da C\u00e2mara \u2013 que \u201cDisp\u00f5e sobre altera\u00e7\u00e3o no Anexo I \u2013 Quadro de Pessoal - da Lei n\u00ba 2.714, de 16/05/1997, a qual estabelece a composi\u00e7\u00e3o da Estrutura Administrativa da C\u00e2mara Municipal de Adamantina, alterado pelas Leis Complementares n\u00ba. 16, de 19/05/1999; n\u00ba. 37, de 15/03/2001; n\u00ba. 40, de 28/12/2001; n\u00ba. 48, de 28/02/2003; n\u00ba. 67, de 01/06/2005; n\u00ba. 95, de 06/12/2007; n\u00ba. 218, de 27/08/2013 e n\u00ba. 240, de 24/04/2015 e d\u00e1 outras provid\u00eancias\u201d.</span></li>\r\n</ul>\r\n<p align=\"justify\" style=\"text-align: justify; \">Todos os projetos foram aprovados por unanimidade.</p>\r\n<p align=\"justify\" style=\"text-align: justify; \">A pr\u00f3xima Sess\u00e3o Ordin\u00e1ria ser\u00e1 realizada dia 20 de maio, com in\u00edcio \u00e0s 20h, no Plen\u00e1rio Vereador Jos\u00e9 Ikeda, situado na Rua Osvaldo Cruz, 261 - t\u00e9rreo. Toda a comunidade \u00e9 convidada a acompanhar pessoalmente ou pela Radio J\u00f3ia AM.</p>", "author_name": "adt", "version": "1.0", "author_url": "https://www.adamantina.sp.leg.br/author/adt", "provider_name": "C\u00e2mara Municipal de Adamantina", "type": "rich"}