{"provider_url": "https://www.adamantina.sp.leg.br", "title": "Resumo 71\u00aa Sess\u00e3o Ordin\u00e1ria", "html": "<p style=\"text-align: justify; \">No dia 06 de maio esta Casa de Leis realizou a 71\u00aa Sess\u00e3o Ordin\u00e1ria desta Legislatura.</p>\r\n<p style=\"text-align: justify; \">Conforme <a class=\"external-link\" href=\"https://sapl.adamantina.sp.leg.br/media/sapl/public/materialegislativa/2024/15687/circular_020_-_71a_sessao_ordinaria.pdf\" target=\"_blank\" title=\"\">Circular n\u00ba 020/2024</a> foram apreciados e votados os projetos como segue:</p>\r\n<p style=\"text-align: center; \"><b><span>EM DISCUSS\u00c3O \u00daNICA</span></b></p>\r\n<p style=\"text-align: justify; \"><b><a class=\"external-link\" href=\"https://sapl.adamantina.sp.leg.br/media/sapl/public/materialegislativa/2024/15646/70a_projeto_de_lei_029_-_evento_auto_de_pascoa.pdf\" target=\"_blank\" title=\"\">Projeto de Lei n\u00ba 029/2024</a></b><span> \u2013 Vereador Cid Jos\u00e9 Aparecido dos Santos \u2013 que \u201cDisp\u00f5e sobre a inclus\u00e3o no Calend\u00e1rio de Comemora\u00e7\u00f5es Oficiais do Munic\u00edpio de Adamantina o Evento Auto de P\u00e1scoa.\u201d</span></p>\r\n<p style=\"text-align: justify; \"><b><span><a class=\"external-link\" href=\"http://https://sapl.adamantina.sp.leg.br/media/sapl/public/materialegislativa/2024/15658/70a_projeto_de_lei_037_m_038_-_cria_a_brigada_de_incendio_do_municipio_de_adamantina.pdf\" target=\"_blank\" title=\"\">Projeto de Lei n\u00ba 037/2024</a></span></b> \u2013 PM \u2013 que \u201cDisp\u00f5e sobre a cria\u00e7\u00e3o da Brigada de Inc\u00eandio do Munic\u00edpio de Adamantina e d\u00e1 outras provid\u00eancias.\u201d</p>\r\n<p style=\"text-align: justify; \"><b><span><a class=\"external-link\" href=\"http://https://sapl.adamantina.sp.leg.br/media/sapl/public/materialegislativa/2024/15659/70a_projeto_de_lei_038_m_039__-altera_a_lei_3244_-_conselho_municipal_de_cultura.pdf\" target=\"_blank\" title=\"\">Projeto de Lei n\u00ba 038/2024</a></span></b> \u2013 PM \u2013 que \u201cDisp\u00f5e sobre altera\u00e7\u00e3o da Lei Municipal n\u00ba 3.244, de 04 de julho de 2007, e d\u00e1 outras providencias.\u201d</p>\r\n<p style=\"text-align: justify; \"><b><span><a class=\"external-link\" href=\"http://https://sapl.adamantina.sp.leg.br/media/sapl/public/materialegislativa/2024/15661/70a_projeto_de_lei_complementar_006_m_028_-_cria_a_coordenadoria_municipal_de_protecao_e_defesa_civil_-_compdec.pdf\" target=\"_blank\" title=\"\">Projeto de Lei Complementar n\u00ba 006/2024</a></span></b> \u2013 PM \u2013 que \u201cDisp\u00f5e sobre a cria\u00e7\u00e3o da Coordenadoria Municipal de Prote\u00e7\u00e3o e Defesa Civil - COMPDEC do Munic\u00edpio de Adamantina e d\u00e1 outras provid\u00eancias.\u201d</p>\r\n<p style=\"text-align: justify; \">\u00a0</p>\r\n<p style=\"text-align: center; \"><b><span>EM PRIMEIRA DISCUSS\u00c3O</span></b></p>\r\n<p style=\"text-align: justify; \"><b><a class=\"external-link\" href=\"http://https://sapl.adamantina.sp.leg.br/media/sapl/public/materialegislativa/2024/15662/70a_projeto_de_lei_complementar_007_m_029_-_criacao_emprego_permanente_-_aux._de_at._especializado_motorista_op.__maq._manual_e_aj._geral-fem.pdf\" target=\"_blank\" title=\"\">Projeto de Lei Complementar n\u00ba 007/2024</a></b><span> \u2013 PM \u2013 que \u201cDisp\u00f5e sobre a cria\u00e7\u00e3o de emprego permanente de Auxiliar de Atendimento Especializado, Ajudante Geral \u2013 Feminino, Motorista e Operador de M\u00e1quina Manual,\u00a0 e altera\u00e7\u00e3o do Anexo I, da Lei Complementar n.\u00ba 448, de 20 de mar\u00e7o de 2024 e d\u00e1 outras provid\u00eancias.\u201d</span></p>\r\n<p style=\"text-align: justify; \"><span>Todos os projetos foram aprovados.</span></p>\r\n<p style=\"text-align: justify; \"><span>Ainda, foram apresentados\u00a0<strong>3 Requerimentos</strong>,\u00a0<strong>22 Indica\u00e7\u00f5es\u00a0</strong>e\u00a0<strong>2 Mo\u00e7\u00f5es de Congratula\u00e7\u00f5es e Aplausos</strong>.</span></p>\r\n<p>A reuni\u00e3o contou com a presen\u00e7a de todos os vereadores.</p>\r\n<p>Assista na \u00edntegra a sess\u00e3o em nosso canal no\u00a0<a class=\"external-link\" href=\"https://www.youtube.com/live/fg7NF9iJtDE?si=JxlqLD6ed_OcXjdi\" target=\"_blank\" title=\"\">YouTube</a>.</p>\r\n<p>A 72\u00aa Sess\u00e3o Ordin\u00e1ria ser\u00e1 realizada em 20 de maio de 2024.</p>\r\n<p>Toda comunidade \u00e9 convidada a acompanhar as sess\u00f5es ao vivo pelo\u00a0<a class=\"external-link\" href=\"https://www.facebook.com/CamaraAdamantina\" target=\"_blank\" title=\"\">facebook</a>,\u00a0bem como pela\u00a0R\u00e1dio Cultura 99,3 FM, TV Cidade e nosso canal no\u00a0<a class=\"external-link\" href=\"https://youtube.com/@cmatransmissao\" target=\"_blank\" title=\"\">Youtube</a>.</p>", "author_name": "", "version": "1.0", "author_url": "https://www.adamantina.sp.leg.br/author/adm", "provider_name": "C\u00e2mara Municipal de Adamantina", "type": "rich"}