{"provider_url": "https://www.adamantina.sp.leg.br", "title": "Resumo 71\u00aa Sess\u00e3o Ordin\u00e1ria", "html": "<p style=\"text-align: justify; \">No dia 23 de maio, esta C\u00e2mara realizou a 71\u00aa Sess\u00e3o Ordin\u00e1ria.\u00a0<span>Em pauta, seis projetos foram votados, sendo eles: <strong>Projeto de Lei Complementar n\u00ba 349/16</strong>, de autoria do Executivo, que revoga a\u00a0Lei Complementar n\u00ba 246/15, aprovado em Segunda Discuss\u00e3o e Reda\u00e7\u00e3o Final; <strong>Projeto de Lei n\u00ba 018/16</strong>, de autoria do Prefeito Municipal, que\u00a0Disp\u00f5e sobre autoriza\u00e7\u00e3o para abertura de cr\u00e9dito suplementar ao or\u00e7amento da Prefeitura do Munic\u00edpio de Adamantina e d\u00e1 outras provid\u00eancias no valor de R$ 231.500,00, aprovado em Discuss\u00e3o \u00danica. Em Primeira Discuss\u00e3o foram aprovados:\u00a0</span><b>Projeto de Lei n\u00ba 016/16</b>, que d<span>isp\u00f5e sobre a denomina\u00e7\u00e3o da quadra coberta da Escola Municipal de Ensino Fundamental Navarro de Andrade de \u2018Prof\u00aa. Clara Luzia Gon\u00e7alves Martins,\u00a0</span><b>Projeto de Lei n\u00ba 017/16</b>,<span>\u00a0que disp\u00f5e sobre a denomina\u00e7\u00e3o do Posto de Sa\u00fade da Vila Jardim de \u2018Dr. C\u00e9lio de Azevedo Figueiredo, ambos de autoria do vereador H\u00e9lio Jos\u00e9 dos Santos;\u00a0</span><b>Projeto de Lei n\u00ba 019/16</b>, de autoria do Executivo,\u00a0<span>que disp\u00f5e sobre a Campanha \u2018Adote o Verde\u2019 e d\u00e1 outras provid\u00eancias; e por fim,\u00a0</span><b>Projeto de Lei n\u00ba 020/16</b>,<span>\u00a0de autoria da Vereadora Noriko Onishi Saito, que disp\u00f5e sobre a denomina\u00e7\u00e3o das Estradas Municipais ADMs 325, 328, 336, 337, 343 e 355.</span></p>\r\n<p style=\"text-align: justify; \"><span></span><span>Tamb\u00e9m foram lidos e encaminhados ao senhor Prefeito, para as devidas provid\u00eancias, 15 indica\u00e7\u00f5es, 28 \u00a0requerimentos, \u00a0e 4 Mo\u00e7\u00f5es de Congratula\u00e7\u00f5es e Aplausos todos de autoria dos senhores vereadores.</span></p>\r\n<p style=\"text-align: justify; \"><span><span>A pr\u00f3xima Sess\u00e3o Ordin\u00e1ria, ser\u00e1 realizada dia 06 de junho, \u00e0s 20h.\u00a0</span><span>Toda a comunidade \u00e9 convidada a acompanhar pessoalmente ou pela Radio J\u00f3ia AM,\u00a0</span><span>no Plen\u00e1rio Vereador Jos\u00e9 Ikeda\u00a0situado na Rua Osvaldo Cruz, 261 - t\u00e9rreo.</span><span>\u00a0</span></span></p>", "author_name": "adt", "version": "1.0", "author_url": "https://www.adamantina.sp.leg.br/author/adt", "provider_name": "C\u00e2mara Municipal de Adamantina", "type": "rich"}