{"provider_url": "https://www.adamantina.sp.leg.br", "title": "Resumo 70\u00aa Sess\u00e3o Ordin\u00e1ria", "html": "<div class=\"plain\" id=\"parent-fieldname-text\">\r\n<p style=\"text-align: justify; \">A C\u00e2mara Municipal de Adamantina realizou ontem, 09, a 70\u00aa Sess\u00e3o Ordin\u00e1ria. Foram apreciados e votados, EM PRIMEIRA DISCUSS\u00c3O, <b><span>Projeto de Lei n\u00ba 012/16</span></b>, de autoria da Mesa da C\u00e2mara,\u00a0que estabelece os subs\u00eddios do Prefeito, do Vice-Prefeito e dos Secret\u00e1rios Municipais para mandato referente ao per\u00edodo de 2017 a 2020, e\u00a0<b>Projeto de Lei Complementar n\u00ba 349/16</b>, de autoria do Executivo,\u00a0que revoga a Lei que especifica e d\u00e1 outras provid\u00eancias; EM DISCUSS\u00c3O \u00daNICA,\u00a0<b>Projeto de Lei n\u00ba 014/16</b>, de autoria do Executivo,\u00a0que autoriza o Poder Executivo Municipal a celebrar Conv\u00eanio com o Estado de S\u00e3o Paulo, por interm\u00e9dio da Secretaria da Fazenda, para os fins que especifica, e\u00a0<b><span>Projeto de Resolu\u00e7\u00e3o n\u00ba 001/16</span></b>, de autoria da Mesa da C\u00e2mara,<b>\u00a0</b>que fixa o subs\u00eddio dos Vereadores para a 17\u00aa Legislatura per\u00edodo de 2017 a 2020. Este \u00faltimo foi retirado para melhores estudos, os anteriores, foram aprovados por unanimidade.</p>\r\n<p style=\"text-align: justify; \">Tamb\u00e9m foram apreciados e votados, <strong>15</strong><span><strong>\u00a0requerimentos</strong>, em sua maioria solicitando recursos financeiros ao munic\u00edpio, <strong>24 indica\u00e7\u00f5es</strong>, solicitando ao Executivo melhorias em diversos setores da cidade e <strong>2 Mo\u00e7\u00f5es de Congratula\u00e7\u00f5es e Aplausos</strong>.</span></p>\r\n<p style=\"text-align: justify; \"><span>A pr\u00f3xima Sess\u00e3o Ordin\u00e1ria, ser\u00e1 realizada dia 23 de maio, \u00e0s 20h.\u00a0</span><span>Toda a comunidade \u00e9 convidada a acompanhar pessoalmente ou pela Radio J\u00f3ia AM,\u00a0</span><span>no Plen\u00e1rio Vereador Jos\u00e9 Ikeda\u00a0situado na Rua Osvaldo Cruz, 261 - t\u00e9rreo.</span><span>\u00a0</span></p>\r\n</div>", "author_name": "adt", "version": "1.0", "author_url": "https://www.adamantina.sp.leg.br/author/adt", "provider_name": "C\u00e2mara Municipal de Adamantina", "type": "rich"}