{"provider_url": "https://www.adamantina.sp.leg.br", "title": "Resumo 6\u00aa Sess\u00e3o Ordin\u00e1ria", "html": "<p style=\"text-align: justify; \">Ontem, 28, a C\u00e2mara Municipal de Adamantina realizou a 6\u00aa Sess\u00e3o Ordin\u00e1ria desta Legislatura.</p>\r\n<p style=\"text-align: justify; \">Conforme <a class=\"external-link\" href=\"https://sapl.adamantina.sp.leg.br/media/sapl/public/materialegislativa/2025/16503/circular_012_-_6a_sessao_ordinaria.pdf\" target=\"_blank\" title=\"\">Circular n\u00ba 012/2025</a>, foram apreciados e votados os projetos como segue:</p>\r\n<p style=\"text-align: justify; \"><b><span>EM DISCUSS\u00c3O \u00daNICA</span></b></p>\r\n<p style=\"text-align: justify; \"><b><a class=\"external-link\" href=\"https://sapl.adamantina.sp.leg.br/media/sapl/public/materialegislativa/2025/16458/pl_16.pdf\" target=\"_blank\" title=\"\">Projeto de Lei n\u00ba 016/2025</a></b><span> \u2013 Vereadores Eder do Nascimento Ruete, Marta de Almeida Bezerra, Mary Alves dos Santos, Maria Gabriela Costa Calil Bearare, Rog\u00e9rio C\u00e9sar Sacoman e Daniel Augusto da Silva Fabri</span><b> - </b><span>que \u201cDisp\u00f5e sobre a denomina\u00e7\u00e3o de logradouro p\u00fablico do Residencial Bonanza.\u201d\u00a0<strong>(APROVADO)</strong></span></p>\r\n<p style=\"text-align: justify; \"><b><span><a class=\"external-link\" href=\"https://sapl.adamantina.sp.leg.br/media/sapl/public/materialegislativa/2025/16459/pl_17.pdf\" target=\"_blank\" title=\"\">Projeto de Lei n\u00ba 017/2025</a></span></b> \u2013 Vereador Daniel Augusto da Silva Fabri<b> - </b>que \u201cInstitui e inclui no Calend\u00e1rio Municipal de Eventos, o Dia do Escritor Adamantinense (25 de julho).\u201d\u00a0<span>\u00a0</span><strong>(APROVADO)</strong></p>\r\n<p style=\"text-align: justify; \"><b><span><a class=\"external-link\" href=\"https://sapl.adamantina.sp.leg.br/media/sapl/public/materialegislativa/2025/16460/5a_pl_18.pdf\" target=\"_blank\" title=\"\">Projeto de Lei n\u00ba 018/2025</a></span></b> \u2013 PM \u2013 que \u201cDisp\u00f5e sobre autoriza\u00e7\u00e3o para <i>abertura de cr\u00e9dito adicional suplementar </i>ao Or\u00e7amento da Prefeitura do Munic\u00edpio de Adamantina no valor total de R$ 530.000,00 (quinhentos e trinta mil reais) referente ao Imposto de Renda do Bem e d\u00e1 outras provid\u00eancias.\u201d\u00a0<span>\u00a0</span><strong>(APROVADO)</strong></p>\r\n<p style=\"text-align: justify; \"><b><span><a class=\"external-link\" href=\"https://sapl.adamantina.sp.leg.br/media/sapl/public/materialegislativa/2025/16461/5a_pl_19.pdf\" target=\"_blank\" title=\"\">Projeto de Lei n\u00ba 019/2025</a></span></b> \u2013 PM \u2013 que \u201cDisp\u00f5e sobre autoriza\u00e7\u00e3o para <i>abertura de cr\u00e9dito adicional suplementar </i>ao Or\u00e7amento da Prefeitura do Munic\u00edpio de Adamantina no valor total de R$ 192.465,00 para a execu\u00e7\u00e3o do servi\u00e7o de acolhimento para jovens em situa\u00e7\u00e3o de risco em rep\u00fablicas e d\u00e1 outras provid\u00eancias.\u201d\u00a0<span>\u00a0</span><strong>(APROVADO)</strong></p>\r\n<p style=\"text-align: justify; \"><b><span><a class=\"external-link\" href=\"https://sapl.adamantina.sp.leg.br/media/sapl/public/materialegislativa/2025/16462/5a_pl_20.pdf\" target=\"_blank\" title=\"\">Projeto de Lei n\u00ba 020/2025</a></span></b> \u2013 PM \u2013 que \u201cDisp\u00f5e sobre autoriza\u00e7\u00e3o para abertura de cr\u00e9dito adicional suplementar ao Or\u00e7amento do Centro Universit\u00e1rio de Adamantina no valor total de R$ 110.000,00 (cento e dez mil reais), para refor\u00e7o de dota\u00e7\u00f5es no or\u00e7amento do Centro Universit\u00e1rio de Adamantina.\u201d <strong>(RETIRADO)</strong></p>\r\n<p style=\"text-align: justify; \"><b><span><a class=\"external-link\" href=\"https://sapl.adamantina.sp.leg.br/media/sapl/public/materialegislativa/2025/16463/5a_pl_21.pdf\" target=\"_blank\" title=\"\">Projeto de Lei n\u00ba 021/2025</a></span></b> \u2013 PM \u2013 que \u201cDisp\u00f5e sobre autoriza\u00e7\u00e3o para abertura de cr\u00e9dito adicional suplementar ao Or\u00e7amento do Centro Universit\u00e1rio de Adamantina no valor total de R$ 1.200.000,00 (um milh\u00e3o e duzentos mil reais), para refor\u00e7o das dota\u00e7\u00f5es no or\u00e7amento do Centro Universit\u00e1rio de Adamantina, decorrente de super\u00e1vit financeiro.\u201d\u00a0<strong>(RETIRADO)</strong></p>\r\n<p style=\"text-align: justify; \">\u00a0</p>\r\n<p style=\"text-align: justify; \"><b><span>EM PRIMEIRA DISCUSS\u00c3O</span></b></p>\r\n<p style=\"text-align: justify; \"><b><a class=\"external-link\" href=\"https://sapl.adamantina.sp.leg.br/media/sapl/public/materialegislativa/2025/16464/5a_plc_006.pdf\" target=\"_blank\" title=\"\">Projeto de Lei Complementar n\u00ba 006/2025</a></b><span> \u2013 PM \u2013 que \u201cDisp\u00f5e sobre a altera\u00e7\u00e3o da Lei Complementar 094/2007, alterada pela Lei Complementar 440/2023, adequa\u00e7\u00e3o do Anexo I - Quadro de Pessoal \u2013 Especialistas em Educa\u00e7\u00e3o, da referida lei, cria\u00e7\u00e3o de vaga para a fun\u00e7\u00e3o de confian\u00e7a de Coordenador Pedag\u00f3gico e d\u00e1 outras provid\u00eancias.\u201d\u00a0<span>\u00a0</span><strong>(APROVADO)</strong></span></p>\r\n<p style=\"text-align: justify; \"><span><strong><br /></strong></span><span>Ainda, foram apresentados,\u00a0<strong>15 Requerimentos</strong>,\u00a0<strong>30 Indica\u00e7\u00f5es</strong> e\u00a0<strong>2 Mo\u00e7\u00f5es de Congratula\u00e7\u00f5es e Aplausos</strong>.</span></p>\r\n<p>A reuni\u00e3o contou com a presen\u00e7a de todos os vereadores.</p>\r\n<p>Assista na \u00edntegra a sess\u00e3o em nosso Canal no\u00a0<a class=\"external-link\" href=\"https://www.youtube.com/watch?v=avot5HQKD-k\" target=\"_blank\" title=\"\">YouTube</a>.</p>\r\n<p>A 7\u00aa Sess\u00e3o Ordin\u00e1ria ser\u00e1 realizada no dia 05 de Maio de 2025.</p>\r\n<p>Toda comunidade \u00e9 convidada a acompanhar as sess\u00f5es ao vivo pelo\u00a0<a class=\"external-link\" href=\"https://www.facebook.com/CamaraAdamantina\" target=\"_blank\" title=\"\">facebook</a>,\u00a0bem como pela\u00a0R\u00e1dio Cultura e nosso canal no\u00a0<a class=\"external-link\" href=\"https://youtube.com/@cmatransmissao\" target=\"_blank\" title=\"\">Youtube</a>.</p>", "author_name": "", "version": "1.0", "author_url": "https://www.adamantina.sp.leg.br/author/adm", "provider_name": "C\u00e2mara Municipal de Adamantina", "type": "rich"}