{"provider_url": "https://www.adamantina.sp.leg.br", "title": "Resumo 6\u00aa Sess\u00e3o Ordin\u00e1ria", "html": "<p style=\"text-align: justify; \">Ontem, 19, a C\u00e2mara Municipal de Adamantina realizou a 6\u00aa Sess\u00e3o Ordin\u00e1ria desta Legislatura.</p>\r\n<p style=\"text-align: justify; \">Foram apresentados\u00a0<strong>11 Requerimentos</strong>,\u00a0<strong>46 Indica\u00e7\u00f5es</strong> e\u00a0<strong>1 Mo\u00e7\u00e3o de Congratula\u00e7\u00f5es e Aplausos</strong>.</p>\r\n<p style=\"text-align: justify; \">Ainda, conforme <a class=\"external-link\" href=\"https://sapl.adamantina.sp.leg.br/media/sapl/public/materialegislativa/2021/12450/circular_no_013_-_6a_ordinaria.pdf\" target=\"_blank\" title=\"\">Circular n\u00ba 013/2021</a>, foram apreciados e votados:</p>\r\n<p style=\"text-align: justify; \"><b><span>EM DISCUSS\u00c3O \u00daNICA</span></b></p>\r\n<p style=\"text-align: justify; \"><b><a class=\"external-link\" href=\"https://sapl.adamantina.sp.leg.br/media/sapl/public/materialegislativa/2021/12321/pr_001_-_comissao_especial_covid.pdf\" target=\"_blank\" title=\"\">Projeto de Resolu\u00e7\u00e3o n\u00ba 001/2021</a></b><span> \u2013 Vereadores Alcio Roberto Ikeda J\u00fanior, Ant\u00f4nio Le\u00f4ncio da Silva, Cid Jos\u00e9 Aparecido dos Santos, Paulo C\u00e9sar Cervelheira de Oliveira e Rafael Rodrigues Pacheco \u2013 que \u201cDisp\u00f5e sobre a cria\u00e7\u00e3o de uma Comiss\u00e3o Especial visando a colabora\u00e7\u00e3o, acompanhamento e fiscaliza\u00e7\u00e3o dos atos do Poder Executivo no enfrentamento ao Covid-19 no Munic\u00edpio de Adamantina\u201d. (Referido Projeto recebeu emendas)</span></p>\r\n<p style=\"text-align: justify; \"><a class=\"external-link\" href=\"https://sapl.adamantina.sp.leg.br/media/sapl/public/materialegislativa/2021/12322/pr_002_-_sistema_hibrido.pdf\" target=\"_blank\" title=\"\"><b><span>Projeto de Resolu\u00e7\u00e3o n\u00ba 00</span></b><b><span>2/2021</span></b></a> \u2013 Mesa da C\u00e2mra \u2013 que \u201cInstitui o sistema h\u00edbrido destinado a viabilizar a realiza\u00e7\u00e3o de Sess\u00f5es Ordin\u00e1rias e Extraordin\u00e1rias por meio de recursos digitais durante a pandemia do Covid-19 e d\u00e1 outras provid\u00eancias\u201d</p>\r\n<p style=\"text-align: justify; \"><b><span>\u00a0</span></b></p>\r\n<p style=\"text-align: justify; \"><b><span>EM PRIMEIRA DISCUSS\u00c3O</span></b></p>\r\n<p style=\"text-align: justify; \"><b><a class=\"external-link\" href=\"https://sapl.adamantina.sp.leg.br/media/sapl/public/materialegislativa/2021/12323/5a_ordinaria_-_plc_002_-_m_024_-_autorizacao_doacao_de_area_-_cerealista_trabachin.pdf\" target=\"_blank\" title=\"\">Projeto de Lei Complementar n\u00ba 002/2021</a></b><span> \u2013 PM \u2013 que \u201cDisp\u00f5e sobre autoriza\u00e7\u00e3o para o Chefe do Poder Executivo alienar, por doa\u00e7\u00e3o, \u00e0 empresa CEREALISTA TRABACHIN LTDA o im\u00f3vel que espec\u00edfica\u201d.</span></p>\r\n<p style=\"text-align: justify; \">\u00a0</p>\r\n<p style=\"text-align: justify; \">TODOS OS PROJETOS FORAM APROVADOS POR UNANIMIDADE.</p>\r\n<p style=\"text-align: justify; \"><span>A reuni\u00e3o contou com a presen\u00e7a de todos os vereadores.</span></p>\r\n<p><span>Assista na \u00edntegra a sess\u00e3o que foi transmitida pela nossa\u00a0</span><a class=\"external-link\" href=\"https://www.facebook.com/CamaraAdamantina/videos/939209600159589\" target=\"_blank\" title=\"\">fanpage</a><span>.</span></p>\r\n<p>A 7\u00aa Sess\u00e3o Ordin\u00e1ria, realizar-se-\u00e1 no dia 03 de maio de 2021.</p>\r\n<p><span>Toda comunidade \u00e9 convidada a acompanhar ao vivo pelo\u00a0</span><a class=\"external-link\" href=\"https://www.facebook.com/CamaraAdamantina\" target=\"_blank\" title=\"\">facebook</a>, bem como pela\u00a0<span>R\u00e1dio Cultura, 99,3 FM e Radio Joia 93,7 FM.</span></p>", "author_name": "", "version": "1.0", "author_url": "https://www.adamantina.sp.leg.br/author/adm", "provider_name": "C\u00e2mara Municipal de Adamantina", "type": "rich"}