{"provider_url": "https://www.adamantina.sp.leg.br", "title": "Resumo 6\u00aa Sess\u00e3o Ordin\u00e1ria", "html": "<p style=\"text-align: justify; \">Dia 17 de Abril, a C\u00e2mara de Adamantina realizou a 6\u00aa Sess\u00e3o Ordin\u00e1ria. Foram apreciados e votados\u00a0<strong>34 Indica\u00e7\u00f5es</strong>,\u00a0<strong>12 Requerimentos</strong>, e <b>1 Mo\u00e7\u00e3o de Congratula\u00e7\u00f5es e Aplausos</b>.\u00a0</p>\r\n<p style=\"text-align: justify; \">Conforme Circular n\u00ba 013/17 foram apreciados e votados os seguintes projetos:</p>\r\n<p style=\"text-align: center; \"><b><span>** EM DISCUSS\u00c3O \u00daNICA **</span></b></p>\r\n<p style=\"text-align: justify; \"><b>- Projeto de Decreto Legislativo n\u00ba 001/17</b><span> \u2013 <em>Comiss\u00e3o de Finan\u00e7as e Or\u00e7amento \u2013 \u201cDisp\u00f5e sobre aprecia\u00e7\u00e3o das contas da Prefeitura do Munic\u00edpio de Adamantina, exerc\u00edcio 2014, TC 191/026/14.\u201d</em></span></p>\r\n<p style=\"text-align: justify; \"><span></span><b>- Projeto de Lei n\u00ba 017/17</b><span> \u2013 </span><em>Vereadores Aguinaldo Pires Galv\u00e3o e Ac\u00e1cio Rocha Perez Guerrero \u2013 \u201cDisp\u00f5e sobre a denomina\u00e7\u00e3o de logradouro p\u00fablico do Condom\u00ednio Residencial Portugal II e d\u00e1 outras provid\u00eancias.\u201d</em><span></span></p>\r\n<p style=\"text-align: center; \"><b>** EM PRIMEIRA DISCUSS\u00c3O**\u00a0</b></p>\r\n<p style=\"text-align: justify; \"><b>- Projeto de Lei n\u00ba 018/17\u00a0</b><span>\u2013 <em>Mesa da C\u00e2mara \u2013 \u201cEstabelece no Calend\u00e1rio Municipal o dia 15 de junho como Dia de Conscientiza\u00e7\u00e3o e Combate \u00e0 Viol\u00eancia contra a Pessoa Idosa.\u201d</em></span></p>\r\n<p style=\"text-align: justify; \"><span>Ambos projetos foram aprovados por UNANIMIDADE em Discuss\u00e3o \u00danica e Primeira Discuss\u00e3o, respectivamente.</span></p>\r\n<p style=\"text-align: justify; \"><span><span><span>A reuni\u00e3o contou com a presen\u00e7a de todos os vereadores, representantes da imprensa escrita e falada e outros membros de nossa comunidade.</span></span></span></p>", "author_name": "adt", "version": "1.0", "author_url": "https://www.adamantina.sp.leg.br/author/adt", "provider_name": "C\u00e2mara Municipal de Adamantina", "type": "rich"}