{"provider_url": "https://www.adamantina.sp.leg.br", "title": "Resumo 6\u00aa Sess\u00e3o Extraordin\u00e1ria", "html": "<p style=\"text-align: justify; \">Na \u00faltima sexta-feira, 16, a C\u00e2mara Municipal de Adamantina realizou a 6\u00aa Sess\u00e3o Extraordin\u00e1ria desta Legislatura.</p>\r\n<p style=\"text-align: justify; \">Conforme <a class=\"external-link\" href=\"https://sapl.adamantina.sp.leg.br/media/sapl/public/materialegislativa/2021/12760/circular_029_-_6a_extraordinaria.pdf\" target=\"_blank\" title=\"\">Circular n\u00ba\u00a0 029/21</a> foram apreciados e votados,\u00a0<b>EM DISCUSS\u00c3O \u00daNICA</b>, os projetos como segue:</p>\r\n<p style=\"text-align: justify; \">\u00a0</p>\r\n<p style=\"text-align: justify; \"><b><span><a class=\"external-link\" href=\"https://sapl.adamantina.sp.leg.br/media/sapl/public/materialegislativa/2021/12738/pl_053_-_m_050_-_abertura_de_credito_r_1.080.00000__manutencao_da_saude.pdf\" target=\"_blank\" title=\"\">Projeto de Lei n\u00ba 053/2021</a></span></b> \u2013 PM \u2013 que \u201cDisp\u00f5e sobre autoriza\u00e7\u00e3o para <i>abertura de cr\u00e9dito adicional suplementar </i>ao Or\u00e7amento da Prefeitura do Munic\u00edpio de Adamantina no valor total de R$ 1.080.000,00 e d\u00e1 outras provid\u00eancias (manuten\u00e7\u00e3o das atividades de controle \u00e0 pandemia e o bom funcionamento da mesma)\u201d.</p>\r\n<p style=\"text-align: justify; \"><b><span><a class=\"external-link\" href=\"https://sapl.adamantina.sp.leg.br/media/sapl/public/materialegislativa/2021/12739/pl_054_-_m_051_-_abertura_de_credito_r_70.00000_muro_do_creas.pdf\" target=\"_blank\" title=\"\">Projeto de Lei n\u00ba 054/2021</a></span></b> \u2013 PM \u2013 que \u201cDisp\u00f5e sobre autoriza\u00e7\u00e3o para <i>abertura de cr\u00e9dito adicional especial </i>ao Or\u00e7amento da Prefeitura do Munic\u00edpio de Adamantina no valor total de R$ 70.000,00 e d\u00e1 outras provid\u00eancias (constru\u00e7\u00e3o de muro do CREAS)\u201d.</p>\r\n<p style=\"text-align: justify; \"><b><span><a class=\"external-link\" href=\"https://sapl.adamantina.sp.leg.br/media/sapl/public/materialegislativa/2021/12740/plc_006_-_m_052-__alienacao_de_imovel_por_investidura_-_patricia_c_santos_almeida__-_lote_07_-_quadra_2.pdf\" target=\"_blank\" title=\"\">Projeto de Lei Complementar n\u00ba 006/2021</a></span></b> \u2013 PM \u2013 que \u201cDisp\u00f5e sobre a autoriza\u00e7\u00e3o para o Poder Executivo alienar bem im\u00f3vel, pelo instituto da investidura, conforme especifica e d\u00e1 outras provid\u00eancias\u201d.</p>\r\n<p style=\"text-align: justify; \"><b><span><a class=\"external-link\" href=\"https://sapl.adamantina.sp.leg.br/media/sapl/public/materialegislativa/2021/12741/plc_007_-_m_053_-__alienacao_de_imovel_por_investidura_-_marcio_antonio_lote_23_quadra_15.pdf\" target=\"_blank\" title=\"\">Projeto de Lei Complementar n\u00ba 007/2021</a></span></b> \u2013 PM \u2013 que \u201cDisp\u00f5e sobre a autoriza\u00e7\u00e3o para o Poder Executivo alienar bem im\u00f3vel, pelo instituto da investidura, conforme especifica e d\u00e1 outras provid\u00eancias\u201d.</p>\r\n<p style=\"text-align: justify; \"><b><span><a class=\"external-link\" href=\"https://sapl.adamantina.sp.leg.br/media/sapl/public/materialegislativa/2021/12742/plc_008_-_m_054_-__alienacao_de_imovel_por_investidura_-_ana_paula_ribeiro_cotrim__-_lote_13_-_quadra_f_1.pdf\" target=\"_blank\" title=\"\">Projeto de Lei Complementar n\u00ba 008/2021</a></span></b> \u2013 PM \u2013 que \u201cDisp\u00f5e sobre a autoriza\u00e7\u00e3o para o Poder Executivo alienar bem im\u00f3vel, pelo instituto da investidura, conforme especifica e d\u00e1 outras provid\u00eancias\u201d.</p>\r\n<p style=\"text-align: justify; \"><span>Todos os projetos foram aprovados.</span></p>\r\n<p>A Sess\u00e3o contou com a presen\u00e7a de todos os Vereadores.</p>\r\n<p><span>Assista na \u00edntegra a sess\u00e3o que foi transmitida pela nossa\u00a0</span><a class=\"external-link\" href=\"https://www.facebook.com/CamaraAdamantina/videos/1160509771098192\" target=\"_blank\" title=\"\">fanpage</a><span>.</span></p>\r\n<p style=\"text-align: justify; \"><span><br /></span></p>", "author_name": "", "version": "1.0", "author_url": "https://www.adamantina.sp.leg.br/author/adm", "provider_name": "C\u00e2mara Municipal de Adamantina", "type": "rich"}