{"provider_url": "https://www.adamantina.sp.leg.br", "title": "Resumo 68\u00aa Sess\u00e3o Ordin\u00e1ria", "html": "<p style=\"text-align: justify; \">No dia 18 de mar\u00e7o de\u00a0 2024, esta Casa de Leis realizou a 68\u00aa Sess\u00e3o Ordin\u00e1ria desta Legislatura.</p>\r\n<p style=\"text-align: justify; \">Conforme <a class=\"external-link\" href=\"https://sapl.adamantina.sp.leg.br/media/sapl/public/materialegislativa/2024/15572/circular_010_-_68a_sessao_ordinaria.pdf\" target=\"_blank\" title=\"\">Circular n\u00ba 010/2024</a>, foram apreciados e votados\u00a0</p>\r\n<p style=\"text-align: justify; \">os seguintes projetos:</p>\r\n<p style=\"text-align: center; \"><b>EM DISCUSS\u00c3O \u00daNICA</b></p>\r\n<p style=\"text-align: justify; \"><a class=\"external-link\" href=\"https://sapl.adamantina.sp.leg.br/media/sapl/public/materialegislativa/2024/15559/aprovado_projeto_de_resolucao_001_-_frentes_parlamentares.docx.pdf\" target=\"_blank\" title=\"\"><b>Projeto de </b><b>Resolu\u00e7\u00e3o n\u00ba 001/2024</b></a><span> \u2013 PM \u2013 que \u201c Disp\u00f5e sobre a institui\u00e7\u00e3o e inclus\u00e3o, junto ao Regimento Interno da C\u00e2mara Municipal de Adamantina, das FRENTES PARLAMENTARES e d\u00e1 outras provid\u00eancias.\u201d</span></p>\r\n<p style=\"text-align: justify; \"><b><span><a class=\"external-link\" href=\"https://sapl.adamantina.sp.leg.br/media/sapl/public/materialegislativa/2024/15560/aprovado_projeto_de_decreto_legislativo_001_-_titulo_antonio_garcia_donha_67a_ordinaria.docx.pdf\" target=\"_blank\" title=\"\">Projeto de Decreto Legislativo n\u00ba 001/2024</a></span></b> \u2013 Vereadores Cid Jos\u00e9 Aparecido dos Santos, Noriko Onishi Saito e H\u00e9lio Jos\u00e9 dos Santos \u2013 que \u201cConcede ao Ilustr\u00edssimo Senhor Ant\u00f4nio Garcia Donha o T\u00edtulo de Cidad\u00e3o Adamantinense.\u201d</p>\r\n<p style=\"text-align: justify; \"><b><span><a class=\"external-link\" href=\"https://sapl.adamantina.sp.leg.br/media/sapl/public/materialegislativa/2024/15554/67a_projeto_de_lei_011_-_paulo_e_aguinaldo_denominacao_de_ruas_recanto_dos_passaros.pdf\" target=\"_blank\" title=\"\">Projeto de Lei n\u00ba 011/2024</a></span></b> \u2013 Vereadores Paulo C\u00e9sar Cervelheira de Oliveira e Aguinaldo Pires Galv\u00e3o \u2013 que \u201cDisp\u00f5e sobre a denomina\u00e7\u00e3o de logradouro p\u00fablico do Residencial \u201cRecanto dos P\u00e1ssaros\u201d.\u201d</p>\r\n<p style=\"text-align: justify; \"><b><span><a class=\"external-link\" href=\"https://sapl.adamantina.sp.leg.br/media/sapl/public/materialegislativa/2024/15555/67a_projeto_de_lei_012_m_011_-_abertura_de_credito_r_62.45700_-_vigilancia_sanitaria.pdf\" target=\"_blank\" title=\"\">Projeto de Lei n\u00ba 012/2024</a></span></b> \u2013 PM \u2013 que \u201cDisp\u00f5e sobre autoriza\u00e7\u00e3o para <i>abertura de cr\u00e9dito especial </i>ao Or\u00e7amento da Prefeitura do Munic\u00edpio de Adamantina no valor total de R$ 62.457,00 e d\u00e1 outras provid\u00eancias, recursos para o Fundo Municipal de Sa\u00fade para oficinas regionais para profissionais que atuam na Vigil\u00e2ncia Sanit\u00e1ria.\u201d</p>\r\n<p style=\"text-align: justify; \"><b><span><a class=\"external-link\" href=\"https://sapl.adamantina.sp.leg.br/media/sapl/public/materialegislativa/2024/15556/67a_projeto_de_lei_013_m_012_-_abertura_de_credito_r_316.37700_-_dengue.pdf\" target=\"_blank\" title=\"\">Projeto de Lei n\u00ba 013/2024</a></span></b> \u2013 PM \u2013 que \u201cDisp\u00f5e sobre autoriza\u00e7\u00e3o para <i>abertura de cr\u00e9dito especial </i>ao Or\u00e7amento da Prefeitura do Munic\u00edpio de Adamantina no valor total de R$ 316.377,00 e d\u00e1 outras provid\u00eancias, recursos para o Fundo Municipal de Sa\u00fade para a\u00e7\u00f5es de enfrentamentos urbanos, em especial aos pacientes com suspeita e os confirmados com dengue.\u201d</p>\r\n<p style=\"text-align: justify; \"><b><span><a class=\"external-link\" href=\"https://sapl.adamantina.sp.leg.br/media/sapl/public/materialegislativa/2024/15557/67a_projeto_de_lei_014_m_013_-_abertura_de_credito_r_160.00000_-_ensino_fundamental_integral.pdf\" target=\"_blank\" title=\"\">Projeto de Lei n\u00ba 014/2024</a></span></b> \u2013 PM \u2013 que \u201cDisp\u00f5e sobre autoriza\u00e7\u00e3o para <i>abertura de cr\u00e9dito especial </i>ao Or\u00e7amento da Prefeitura do Munic\u00edpio de Adamantina no valor total de R$ 160.000,00 e d\u00e1 outras provid\u00eancias, recursos para custear parte das despesas das Escolas Municipais do Ensino Fundamental de tempo integral.\u201d</p>\r\n<p style=\"text-align: justify; \">\u00a0</p>\r\n<p style=\"text-align: center; \"><b><span>EM SEGUNDA DISCUSS\u00c3O E REDA\u00c7\u00c3O FINAL</span></b></p>\r\n<p style=\"text-align: justify; \"><b><a class=\"external-link\" href=\"https://sapl.adamantina.sp.leg.br/media/sapl/public/materialegislativa/2024/15447/65a_projeto_de_lei_complementar_002_m_010_-_criacao_emp._em_comiss_e_perman_-_dir._de_planej._e_transito_dir._obras_e_aux._de_enfermagem__e_inspetor.pdf\" target=\"_blank\" title=\"\">Projeto de Lei Complementar n\u00ba 002/2024</a></b><span> \u2013PM \u2013que \u201cDisp\u00f5e sobre a cria\u00e7\u00e3o de emprego em Comiss\u00e3o de Diretor de Planejamento e Transito e de Diretor de Obras e Servi\u00e7os, a cria\u00e7\u00e3o de vagas de empregos permanentes de Inspetor de Aluno de Escola P\u00fablica, Auxiliar de Enfermagem, Psic\u00f3logo e Agente de Vetores e altera\u00e7\u00e3o do Anexo I, II e IV da Lei Complementar n.\u00ba 445, de 14 de dezembro de 2023 e d\u00e1 outras provid\u00eancias.\u201d</span></p>\r\n<p style=\"text-align: justify; \"><span>Todos os projetos foram aprovados.</span></p>\r\n<p>Ainda, foram apresentados <strong>6\u00a0Requerimentos</strong>,\u00a0<strong>20 Indica\u00e7\u00f5es</strong>\u00a0e <strong>5\u00a0Mo\u00e7\u00f5es de Congratula\u00e7\u00f5es e Aplausos</strong>.</p>\r\n<p>Assista na \u00edntegra a sess\u00e3o em nossa P\u00e1gina no\u00a0<a class=\"external-link\" href=\"https://www.facebook.com/CamaraAdamantina/videos/7387421914649799/\" target=\"_blank\" title=\"\">Facebook</a>.</p>\r\n<p>Toda comunidade \u00e9 convidada a acompanhar as sess\u00f5es ao vivo pelo\u00a0<a class=\"external-link\" href=\"https://www.facebook.com/CamaraAdamantina\" target=\"_blank\" title=\"\">facebook</a>,\u00a0bem como pela\u00a0R\u00e1dio Cultura 99,3 FM, TV Cidade e nosso canal no\u00a0<a class=\"external-link\" href=\"https://youtube.com/@cmatransmissao\" target=\"_blank\" title=\"\">Youtube</a>.</p>", "author_name": "", "version": "1.0", "author_url": "https://www.adamantina.sp.leg.br/author/adm", "provider_name": "C\u00e2mara Municipal de Adamantina", "type": "rich"}