{"provider_url": "https://www.adamantina.sp.leg.br", "title": "Resumo 67\u00aa Sess\u00e3o Ordin\u00e1ria", "html": "<p style=\"text-align: justify; \">No dia 04 de mar\u00e7o de 2024, a C\u00e2mara Municipal de Adamantina realizou a\u00a0 67\u00aa Sess\u00e3o Ordin\u00e1ria desta Legislatura.</p>\r\n<p style=\"text-align: justify; \">Conforme <a class=\"external-link\" href=\"https://sapl.adamantina.sp.leg.br/media/sapl/public/materialegislativa/2024/15570/circular_008_-_67a_sessao_ordinaria.pdf\" target=\"_blank\" title=\"\">Circular n\u00ba 008/2024</a> foram apreciados e votados os projetos como segue:</p>\r\n<p style=\"text-align: center; \"><b><span>EM SEGUNDA DISCUSS\u00c3O E REDA\u00c7\u00c3O FINAL</span></b></p>\r\n<p style=\"text-align: justify; \"><a class=\"external-link\" href=\"https://sapl.adamantina.sp.leg.br/media/sapl/public/materialegislativa/2024/15446/65a_projeto_de_lei_complementar_001_m_004_-__revoga_lc_362_-_reversao_de_lote_cidade_joia_-_pro_temper_vidros_eireli.pdf\" target=\"_blank\" title=\"\"><b>Projeto de Lei Complementar n\u00ba 001/2024</b> </a>\u2013 PM \u2013 que \u201cDisp\u00f5e sobre a revoga\u00e7\u00e3o da Lei Complementar n\u00ba 362, de 20 de mar\u00e7o de 2020, que disp\u00f5e sobre autoriza\u00e7\u00e3o para que o Chefe do Poder Executivo possa outorgar Concess\u00e3o de Direito Real de Uso Onerosa de Im\u00f3vel \u00e0 PRO TEMPER VIDROS EIRELI.\u201d</p>\r\n<p style=\"text-align: justify; \">\u00a0</p>\r\n<p style=\"text-align: center; \"><b><span>EM PRIMEIRA DISCUSS\u00c3O</span></b></p>\r\n<p style=\"text-align: justify; \"><a class=\"external-link\" href=\"https://sapl.adamantina.sp.leg.br/media/sapl/public/materialegislativa/2024/15447/65a_projeto_de_lei_complementar_002_m_010_-_criacao_emp._em_comiss_e_perman_-_dir._de_planej._e_transito_dir._obras_e_aux._de_enfermagem__e_inspetor.pdf\" target=\"_blank\" title=\"\"><b>Projeto de Lei Complementar n\u00ba 0</b><b>02/2024</b></a><span> \u2013PM \u2013que \u201cDisp\u00f5e sobre a cria\u00e7\u00e3o de emprego em Comiss\u00e3o de Diretor de Planejamento e Transito e de Diretor de Obras e Servi\u00e7os, a cria\u00e7\u00e3o de vagas de empregos permanentes de Inspetor de Aluno de Escola P\u00fablica, Auxiliar de Enfermagem, Psic\u00f3logo e Agente de Vetores e altera\u00e7\u00e3o do Anexo I, II e IV da Lei Complementar n.\u00ba 445, de 14 de dezembro de 2023 e d\u00e1 outras provid\u00eancias.\u201d</span></p>\r\n<p style=\"text-align: justify; \">Todos os projetos foram aprovados por unanimidade.</p>\r\n<p style=\"text-align: justify; \">Ainda, foram apresentados\u00a0<strong>6 Requerimentos</strong>,\u00a0<strong>26 Indica\u00e7\u00f5es</strong> e\u00a0<strong>1 Mo\u00e7\u00e3o de Congratula\u00e7\u00f5es e Aplausos</strong>.</p>\r\n<p style=\"text-align: justify; \"><span>Assista na \u00edntegra a sess\u00e3o em nossa P\u00e1gina no <a class=\"external-link\" href=\"https://www.facebook.com/CamaraAdamantina/videos/1340829559916180/\" target=\"_blank\" title=\"\">Facebook</a></span><span>.</span></p>\r\n<p><span>Toda comunidade \u00e9 convidada a acompanhar as sess\u00f5es ao vivo pelo\u00a0</span><a class=\"external-link\" href=\"https://www.facebook.com/CamaraAdamantina\" target=\"_blank\" title=\"\">facebook</a><span>,\u00a0bem como pela\u00a0R\u00e1dio Cultura 99,3 FM, TV Cidade e nosso canal no\u00a0</span><a class=\"external-link\" href=\"https://youtube.com/@cmatransmissao\" target=\"_blank\" title=\"\">Youtube</a><span>.</span></p>", "author_name": "", "version": "1.0", "author_url": "https://www.adamantina.sp.leg.br/author/adm", "provider_name": "C\u00e2mara Municipal de Adamantina", "type": "rich"}